{"id":130255,"date":"2021-10-17T12:48:59","date_gmt":"2021-10-17T16:48:59","guid":{"rendered":"https:\/\/linitiative.ca\/International\/administration-provisoire-de-la-smid-le-tribunal-de-premiere-instance-de-bonanjo-reconduit-le-mandant-de-francois-maurice-njoh\/"},"modified":"2021-10-17T12:48:59","modified_gmt":"2021-10-17T16:48:59","slug":"administration-provisoire-de-la-smid-le-tribunal-de-premiere-instance-de-bonanjo-reconduit-le-mandant-de-francois-maurice-njoh","status":"publish","type":"post","link":"https:\/\/linitiative.ca\/International\/administration-provisoire-de-la-smid-le-tribunal-de-premiere-instance-de-bonanjo-reconduit-le-mandant-de-francois-maurice-njoh\/","title":{"rendered":"Administration provisoire de la Smid : le tribunal de premi\u00e8re instance de Bonanjo reconduit le mandant de Fran\u00e7ois Maurice Njoh"},"content":{"rendered":"<div>\n<p>C\u2019est depuis le 12 f\u00e9vrier 2021 que la Smid est plac\u00e9e sous administration provisoire par le Tribunal de premi\u00e8re instance de Douala-Bonanjo. A travers l\u2019ordonnance n\u00b068\/HH rendue le 12 f\u00e9vrier 2021, ex\u00e9cutoire sur minute qui disposait: \u00ab\u2026.que le fonctionnement de la Soci\u00e9t\u00e9 m\u00e9tropolitaine d\u2019investissement de Douala est paralys\u00e9e du fait du non-renouvellement du mandat des administrateurs et du Pr\u00e9sident du conseil d\u2019administration arriv\u00e9 \u00e0 terme, et de la non-convocation d\u2019assembl\u00e9e g\u00e9n\u00e9rale ordinaire\u00bb. Fran\u00e7ois Maurice Njoh avait, par la m\u00eame, \u00e9t\u00e9 d\u00e9sign\u00e9 administrateur provisoire de cette entreprise urbaine de gestion de droit patrimonial. Avec pour mission de \u00abconvoquer l\u2019assembl\u00e9e g\u00e9n\u00e9rale ordinaire \u00e0 l\u2019effet de statuer sur les comptes des exercices clos \u00e9coul\u00e9s, de proc\u00e9der \u00e0 la nomination d\u2019un nouveau pr\u00e9sident du conseil d\u2019administration, au renouvellement de mandat des administrateurs, le cas \u00e9ch\u00e9ant \u00e0 leur remplacement, de faire un audit exhaustif des comptes de la soci\u00e9t\u00e9 sur la p\u00e9riode allant du 17 ao\u00fbt 2018 au 31 d\u00e9cembre 2020, et de recourir en cas de n\u00e9cessit\u00e9 \u00e0 l\u2019expertise d\u2019un cabinet conseil sp\u00e9cialis\u00e9 en gestion comptabilit\u00e9 et finances\u00bb.<\/p>\n<p><strong>Lire aussi :<\/strong> <strong><a href=\"https:\/\/ecomatin.net\/fabrice-tchingo-petton-est-le-nouveau-directeur-general-a-la-smid-s-a\/\">Fabrice Tchingo Petton est le nouveau Directeur g\u00e9n\u00e9ral \u00e0 la Smid S.A.<\/a><\/strong><\/p>\n<p><strong>Notification<\/strong><\/p>\n<p>L\u2019expert-comptable disposait de 6 mois avec possibilit\u00e9 de prorogation dans les conditions pr\u00e9vues par l\u2019article 160-2 alin\u00e9a 3 de l\u2019Acte uniforme Ohada relatif au Droit des soci\u00e9t\u00e9s commerciales et Groupement d\u2019int\u00e9r\u00eat \u00e9conomique, pour remplir sa charge. Conform\u00e9ment au mandat du Tribunal de premi\u00e8re instance de Bonanjo, le mandat d\u2019administration provisoire de Fran\u00e7ois Maurice Njoh arrivait \u00e0 terme le 12 ao\u00fbt 2021.<\/p>\n<p>Par le biais de Me. Julius Achu, leur conseil, les actionnaires des cat\u00e9gories B, C et D ont par cons\u00e9quent d\u00e9pos\u00e9 une requ\u00eate aux fins d\u2019intervention aupr\u00e8s du Procureur de la R\u00e9publique pr\u00e8s le Tribunal de premi\u00e8re instance de Bonanjo, le 8 septembre 2021. Ladite requ\u00eate porte sur une intervention par descente sur les lieux du Procureur de la R\u00e9publique, afin \u00abde constater l\u2019occupation ill\u00e9gale de Monsieur Njoh Fran\u00e7ois Maurice des bureaux de la Smid, appuy\u00e9 par la Police nationale ainsi que la Police Municipale, et de le faire lib\u00e9rer les lieux s\u2019il n\u2019a aucun justificatif d\u2019y rester\u00bb, rel\u00e8ve l\u2019avocat. EcoMatin a appris de bonnes sources que le mandat de l\u2019administrateur provisoire de la Smid S.A a en effet \u00e9t\u00e9 prorog\u00e9 pour un second d\u00e9lai de 6 mois. Le nouveau mandat aurait \u00e9t\u00e9 renouvel\u00e9 dans les m\u00eames termes que celui de f\u00e9vrier 2021<\/p>\n<p><strong>Lire aussi :<\/strong> <strong><a href=\"https:\/\/ecomatin.net\/communique-aux-administrateurs-et-actionnaires-de-la-smid-sa\/\">Communiqu\u00e9 aux administrateurs et actionnaires de la SMID SA<\/a><\/strong><\/p>\n<p>\u00c0 travers leur conseil, les actionnaires des cat\u00e9gories B (entreprises du secteur public d\u00e9tenant 10% du capital), C (entreprises du secteur priv\u00e9 et associations avec 30% du capital) et D (personnes physiques, 37%), pensent que le mandat de l\u2019administrateur provisoire est \u00e9chu. Ces derniers requi\u00e8rent par ailleurs un rapport d\u00e9taill\u00e9 des actions men\u00e9es par ce dernier depuis le 12 f\u00e9vrier 2021. Me. Julius Achu saisira \u00e9galement Nagoum Yamassoum, le Pr\u00e9sident de\u00a0\u00a0la Commission de surveillance des march\u00e9s financiers (Cosumaf), par correspondance du 21 septembre 2021. \u00abLe statu quo actuel est pr\u00e9judiciable aux actionnaires qui ont investi leur argent parce que le r\u00e9gulateur qu\u2019est la Cosumaf a \u00e9mis un visa favorable pour l\u2019appel public \u00e0 l\u2019\u00e9pargne. Il est \u00e9tonnant qu\u2019aujourd\u2019hui ce r\u00e9gulateur assiste \u00e0 la destruction de cette soci\u00e9t\u00e9 sans r\u00e9action, se confondant presque aux administrations locales qui ont agi avec duplicit\u00e9 et mesquinerie pour d\u00e9pecer la Smid. En votre qualit\u00e9 de r\u00e9gulateur, vous ne pouvez ne pas vous prononcer, ce qui pourrait aider au r\u00e9tablissement de la l\u00e9galit\u00e9, \u00e0 savoir, la reprise des activit\u00e9s par les organes r\u00e9guliers de gestion de la Smid S.A r\u00e9guli\u00e8rement \u00e9lus \u00bb rel\u00e8ve Me. Julius Ashu dans sa correspondance adress\u00e9e \u00e0 Nagoum Yamassoum.<\/p>\n<p><strong>Lire aussi :<\/strong> <strong><a href=\"https:\/\/ecomatin.net\/siege-du-ngondo-la-smid-recupere-le-projet-de-65-milliards-de-fcfa\/\">Si\u00e8ge du Ngondo : la Smid r\u00e9cup\u00e8re le projet de 6,5 milliards de FCFA<\/a><\/strong><\/p>\n<p>L\u2019article <a rel=\"nofollow\" href=\"https:\/\/ecomatin.net\/administration-provisoire-de-la-smid-le-tribunal-de-premiere-instance-de-bonanjo-reconduit-le-mandant-de-francois-maurice-njoh\/\">Administration provisoire de la Smid : le tribunal de premi\u00e8re instance de Bonanjo reconduit le mandant de Fran\u00e7ois Maurice Njoh<\/a> est apparu en premier sur <a rel=\"nofollow\" href=\"https:\/\/ecomatin.net\/\">EcoMatin<\/a>.<\/p>\n<\/div>\n<p>Auteur: Georges Semey<br \/>\n<a href=\"https:\/\/ecomatin.net\/administration-provisoire-de-la-smid-le-tribunal-de-premiere-instance-de-bonanjo-reconduit-le-mandant-de-francois-maurice-njoh\/\">Cliquez ici pour lire l&rsquo;article depuis sa source.<\/a><\/p>\n","protected":false},"excerpt":{"rendered":"<p>C\u2019est depuis le 12 f\u00e9vrier 2021 que la Smid est plac\u00e9e sous administration provisoire par le Tribunal de premi\u00e8re instance de Douala-Bonanjo. A travers l\u2019ordonnance n\u00b068\/HH rendue le 12 f\u00e9vrier 2021, ex\u00e9cutoire sur minute qui disposait: \u00ab\u2026.que le fonctionnement de la Soci\u00e9t\u00e9 m\u00e9tropolitaine d\u2019investissement de Douala est paralys\u00e9e du fait du non-renouvellement du mandat des [&hellip;]<\/p>\n","protected":false},"author":1969,"featured_media":0,"comment_status":"closed","ping_status":"closed","sticky":false,"template":"","format":"standard","meta":{"fifu_image_url":"","fifu_image_alt":"","footnotes":""},"categories":[82,78],"tags":[],"class_list":["post-130255","post","type-post","status-publish","format-standard","hentry","category-cameroun","category-economie"],"_links":{"self":[{"href":"https:\/\/linitiative.ca\/International\/wp-json\/wp\/v2\/posts\/130255","targetHints":{"allow":["GET"]}}],"collection":[{"href":"https:\/\/linitiative.ca\/International\/wp-json\/wp\/v2\/posts"}],"about":[{"href":"https:\/\/linitiative.ca\/International\/wp-json\/wp\/v2\/types\/post"}],"author":[{"embeddable":true,"href":"https:\/\/linitiative.ca\/International\/wp-json\/wp\/v2\/users\/1969"}],"replies":[{"embeddable":true,"href":"https:\/\/linitiative.ca\/International\/wp-json\/wp\/v2\/comments?post=130255"}],"version-history":[{"count":0,"href":"https:\/\/linitiative.ca\/International\/wp-json\/wp\/v2\/posts\/130255\/revisions"}],"wp:attachment":[{"href":"https:\/\/linitiative.ca\/International\/wp-json\/wp\/v2\/media?parent=130255"}],"wp:term":[{"taxonomy":"category","embeddable":true,"href":"https:\/\/linitiative.ca\/International\/wp-json\/wp\/v2\/categories?post=130255"},{"taxonomy":"post_tag","embeddable":true,"href":"https:\/\/linitiative.ca\/International\/wp-json\/wp\/v2\/tags?post=130255"}],"curies":[{"name":"wp","href":"https:\/\/api.w.org\/{rel}","templated":true}]}}