{"id":130277,"date":"2021-10-17T19:00:11","date_gmt":"2021-10-17T23:00:11","guid":{"rendered":"https:\/\/linitiative.ca\/International\/covid-19-plus-de-700-000-personnes-ont-recu-la-3eme-dose\/"},"modified":"2021-10-17T19:00:11","modified_gmt":"2021-10-17T23:00:11","slug":"covid-19-plus-de-700-000-personnes-ont-recu-la-3eme-dose","status":"publish","type":"post","link":"https:\/\/linitiative.ca\/International\/covid-19-plus-de-700-000-personnes-ont-recu-la-3eme-dose\/","title":{"rendered":"Covid-19: Plus de 700.000 personnes ont re\u00e7u la 3\u00e8me dose"},"content":{"rendered":"<div>\n<div style=\"margin-bottom:20px;\"><img loading=\"lazy\" decoding=\"async\" width=\"750\" height=\"430\" src=\"https:\/\/linitiative.ca\/International\/wp-content\/uploads\/sites\/23\/2021\/10\/cov-fr-10.jpg\" class=\"attachment-post-thumbnail size-post-thumbnail wp-post-image\" alt=\"\" srcset=\"https:\/\/linitiative.ca\/International\/wp-content\/uploads\/sites\/23\/2021\/10\/cov-fr-10.jpg 750w, http:\/\/www.mapmarrakech.ma\/map\/uploads\/2021\/10\/cov-fr-10-300x172.jpg 300w\" sizes=\"auto, (max-width: 750px) 100vw, 750px\"><\/div>\n<p align=\"justify\">Le nombre de primo-vaccin\u00e9s a atteint 23.236.666, tandis que celui des personnes ayant re\u00e7u la 2\u00e8me dose s\u2019\u00e9l\u00e8ve d\u00e9sormais \u00e0 20.925.569, a pr\u00e9cis\u00e9 le minist\u00e8re dans son bulletin quotidien sur la situation \u00e9pid\u00e9miologique Covid-19.<\/p>\n<p align=\"justify\">Par ailleurs, 269 infections au nouveau coronavirus et 198 gu\u00e9risons ont \u00e9t\u00e9 enregistr\u00e9es en 24 heures, portant \u00e0 942.132 le nombre total des cas positifs depuis mars 2020, alors que les r\u00e9tablissements sont de l\u2019ordre de 921.628 soit un taux de gu\u00e9rison de 97,8%.<\/p>\n<p align=\"justify\">Les nouvelles contaminations ont \u00e9t\u00e9 recens\u00e9es dans les r\u00e9gions de Rabat-Sal\u00e9-K\u00e9nitra (112), Casablanca-Settat (68), Tanger-T\u00e9touan-Al Hoceima (26), Souss-Massa (17), Marrakech-Safi (14),l\u2019Oriental (11),\u00a0B\u00e9ni Mellal-Kh\u00e9nifra (6), F\u00e8s-Mekn\u00e8s (5), Dakhla-Oued Eddahab (4), La\u00e2youne-Sakia El Hamra (2),\u00a0 Dr\u00e2a-Tafilalet (2) et Guelmim-Oued Noun (2).<\/p>\n<p align=\"justify\">Quant aux d\u00e9c\u00e8s, leur nombre total est pass\u00e9 \u00e0 14.544 (l\u00e9talit\u00e9 1,5%), avec 7 nouveaux cas enregistr\u00e9s dans les r\u00e9gions de Casablanca-Settat (6) et Rabat-Sal\u00e9-K\u00e9nitra (1).<\/p>\n<p align=\"justify\">Les cas actifs sont au nombre de 5.960, tandis que les cas s\u00e9v\u00e8res ou graves pris en charge ont atteint 387, dont 23 plac\u00e9s sous intubation.<\/p>\n<p>The post <a rel=\"nofollow\" href=\"http:\/\/www.mapmarrakech.ma\/fr\/covid-19-plus-de-700-000-personnes-ont-recu-la-3eme-dose\/\">Covid-19: Plus de 700.000 personnes ont re\u00e7u la 3\u00e8me dose<\/a> appeared first on <a rel=\"nofollow\" href=\"http:\/\/www.mapmarrakech.ma\/fr\">MapMarrakech<\/a>.<\/p>\n<\/div>\n<p>Auteur: Meriem IGASS<br \/>\n<a href=\"http:\/\/www.mapmarrakech.ma\/fr\/covid-19-plus-de-700-000-personnes-ont-recu-la-3eme-dose\/\">Cliquez ici pour lire l&rsquo;article depuis sa source.<\/a><\/p>\n","protected":false},"excerpt":{"rendered":"<p>Le nombre de primo-vaccin\u00e9s a atteint 23.236.666, tandis que celui des personnes ayant re\u00e7u la 2\u00e8me dose s\u2019\u00e9l\u00e8ve d\u00e9sormais \u00e0 20.925.569, a pr\u00e9cis\u00e9 le minist\u00e8re dans son bulletin quotidien sur la situation \u00e9pid\u00e9miologique Covid-19. Par ailleurs, 269 infections au nouveau coronavirus et 198 gu\u00e9risons ont \u00e9t\u00e9 enregistr\u00e9es en 24 heures, portant \u00e0 942.132 le nombre [&hellip;]<\/p>\n","protected":false},"author":1788,"featured_media":0,"comment_status":"closed","ping_status":"closed","sticky":false,"template":"","format":"standard","meta":{"fifu_image_url":"http:\/\/www.mapmarrakech.ma\/map\/uploads\/2021\/10\/cov-fr-10.jpg","fifu_image_alt":"Covid-19: Plus de 700.000 personnes ont re\u00e7u la 3\u00e8me dose","footnotes":""},"categories":[54,76],"tags":[],"class_list":["post-130277","post","type-post","status-publish","format-standard","hentry","category-maroc","category-regions"],"_links":{"self":[{"href":"https:\/\/linitiative.ca\/International\/wp-json\/wp\/v2\/posts\/130277","targetHints":{"allow":["GET"]}}],"collection":[{"href":"https:\/\/linitiative.ca\/International\/wp-json\/wp\/v2\/posts"}],"about":[{"href":"https:\/\/linitiative.ca\/International\/wp-json\/wp\/v2\/types\/post"}],"author":[{"embeddable":true,"href":"https:\/\/linitiative.ca\/International\/wp-json\/wp\/v2\/users\/1788"}],"replies":[{"embeddable":true,"href":"https:\/\/linitiative.ca\/International\/wp-json\/wp\/v2\/comments?post=130277"}],"version-history":[{"count":0,"href":"https:\/\/linitiative.ca\/International\/wp-json\/wp\/v2\/posts\/130277\/revisions"}],"wp:attachment":[{"href":"https:\/\/linitiative.ca\/International\/wp-json\/wp\/v2\/media?parent=130277"}],"wp:term":[{"taxonomy":"category","embeddable":true,"href":"https:\/\/linitiative.ca\/International\/wp-json\/wp\/v2\/categories?post=130277"},{"taxonomy":"post_tag","embeddable":true,"href":"https:\/\/linitiative.ca\/International\/wp-json\/wp\/v2\/tags?post=130277"}],"curies":[{"name":"wp","href":"https:\/\/api.w.org\/{rel}","templated":true}]}}