{"id":130279,"date":"2021-10-18T06:09:08","date_gmt":"2021-10-18T10:09:08","guid":{"rendered":"https:\/\/linitiative.ca\/International\/marrakech-safi-vaccination-de-plus-de-84-de-la-population-cible\/"},"modified":"2021-10-18T06:09:08","modified_gmt":"2021-10-18T10:09:08","slug":"marrakech-safi-vaccination-de-plus-de-84-de-la-population-cible","status":"publish","type":"post","link":"https:\/\/linitiative.ca\/International\/marrakech-safi-vaccination-de-plus-de-84-de-la-population-cible\/","title":{"rendered":"Marrakech-Safi : Vaccination de plus de 84% de la population cible"},"content":{"rendered":"<div>\n<div style=\"margin-bottom:20px;\"><img loading=\"lazy\" decoding=\"async\" width=\"750\" height=\"430\" src=\"https:\/\/linitiative.ca\/International\/wp-content\/uploads\/sites\/23\/2021\/10\/Lamia-Chakiri-copier.jpg\" class=\"attachment-post-thumbnail size-post-thumbnail wp-post-image\" alt=\"\" srcset=\"https:\/\/linitiative.ca\/International\/wp-content\/uploads\/sites\/23\/2021\/10\/Lamia-Chakiri-copier.jpg 750w, http:\/\/www.mapmarrakech.ma\/map\/uploads\/2021\/10\/Lamia-Chakiri-copier-300x172.jpg 300w\" sizes=\"auto, (max-width: 750px) 100vw, 750px\"><\/div>\n<p>Sur 3.684.309 personnes cibles \u00e2g\u00e9es de plus de 12 ans au niveau de cette partie du territoire national, quelque 3.116.852 ont re\u00e7u leur premi\u00e8re dose de vaccins anti-Covid-19, a fait savoir Mme Chakiri dans une d\u00e9claration \u00e0 la MAP, mettant en relief le r\u00f4le de taille et la mobilisation constante de tous les intervenants qui contribuent \u00e0 la r\u00e9ussite de cette campagne de vaccination au niveau r\u00e9gional.<\/p>\n<p>Dans le m\u00eame sillage, Mme Chakiri a exhort\u00e9 les personnes non encore vaccin\u00e9es \u00e0 se rendre \u00e0 l\u2019un des vaccinodromes les plus proches, indiquant que les Centres de vaccination anti-Covid-19 restent ouverts jusqu\u2019\u00e0 20h00 afin de permettre \u00e0 toutes les personnes de b\u00e9n\u00e9ficier du vaccin.<\/p>\n<p>Dans ce contexte, elle n\u2019a pas manqu\u00e9 de rappeler que les services de sant\u00e9 ont mobilis\u00e9 des unit\u00e9s mobiles de vaccination qui sillonnent les zones \u00e9loign\u00e9es de la r\u00e9gion Marrakech-Safi.<\/p>\n<p>La campagne vaccinale est une r\u00e9ponse r\u00e9elle pour mettre fin \u00e0 la phase aigu\u00eb de la pand\u00e9mie et le retour \u00e0 la vie normale.<\/p>\n<p>Cette op\u00e9ration nationale, d\u2019envergure in\u00e9dite, vise la couverture de la population par un vaccin en tant que moyen idoine d\u2019immunisation contre le virus et de maitrise de sa propagation.<\/p>\n<p>The post <a rel=\"nofollow\" href=\"http:\/\/www.mapmarrakech.ma\/fr\/marrakech-safi-vaccination-de-plus-de-84-de-la-population-cible\/\">Marrakech-Safi : Vaccination de plus de 84% de la population cible<\/a> appeared first on <a rel=\"nofollow\" href=\"http:\/\/www.mapmarrakech.ma\/fr\">MapMarrakech<\/a>.<\/p>\n<\/div>\n<p>Auteur: Meriem IGASS<br \/>\n<a href=\"http:\/\/www.mapmarrakech.ma\/fr\/marrakech-safi-vaccination-de-plus-de-84-de-la-population-cible\/\">Cliquez ici pour lire l&rsquo;article depuis sa source.<\/a><\/p>\n","protected":false},"excerpt":{"rendered":"<p>Sur 3.684.309 personnes cibles \u00e2g\u00e9es de plus de 12 ans au niveau de cette partie du territoire national, quelque 3.116.852 ont re\u00e7u leur premi\u00e8re dose de vaccins anti-Covid-19, a fait savoir Mme Chakiri dans une d\u00e9claration \u00e0 la MAP, mettant en relief le r\u00f4le de taille et la mobilisation constante de tous les intervenants qui [&hellip;]<\/p>\n","protected":false},"author":1788,"featured_media":0,"comment_status":"closed","ping_status":"closed","sticky":false,"template":"","format":"standard","meta":{"fifu_image_url":"http:\/\/www.mapmarrakech.ma\/map\/uploads\/2021\/10\/Lamia-Chakiri-copier.jpg","fifu_image_alt":"Marrakech-Safi : Vaccination de plus de 84% de la population cible","footnotes":""},"categories":[54,76],"tags":[],"class_list":["post-130279","post","type-post","status-publish","format-standard","hentry","category-maroc","category-regions"],"_links":{"self":[{"href":"https:\/\/linitiative.ca\/International\/wp-json\/wp\/v2\/posts\/130279","targetHints":{"allow":["GET"]}}],"collection":[{"href":"https:\/\/linitiative.ca\/International\/wp-json\/wp\/v2\/posts"}],"about":[{"href":"https:\/\/linitiative.ca\/International\/wp-json\/wp\/v2\/types\/post"}],"author":[{"embeddable":true,"href":"https:\/\/linitiative.ca\/International\/wp-json\/wp\/v2\/users\/1788"}],"replies":[{"embeddable":true,"href":"https:\/\/linitiative.ca\/International\/wp-json\/wp\/v2\/comments?post=130279"}],"version-history":[{"count":0,"href":"https:\/\/linitiative.ca\/International\/wp-json\/wp\/v2\/posts\/130279\/revisions"}],"wp:attachment":[{"href":"https:\/\/linitiative.ca\/International\/wp-json\/wp\/v2\/media?parent=130279"}],"wp:term":[{"taxonomy":"category","embeddable":true,"href":"https:\/\/linitiative.ca\/International\/wp-json\/wp\/v2\/categories?post=130279"},{"taxonomy":"post_tag","embeddable":true,"href":"https:\/\/linitiative.ca\/International\/wp-json\/wp\/v2\/tags?post=130279"}],"curies":[{"name":"wp","href":"https:\/\/api.w.org\/{rel}","templated":true}]}}