{"id":130291,"date":"2021-10-18T10:58:09","date_gmt":"2021-10-18T14:58:09","guid":{"rendered":"https:\/\/linitiative.ca\/International\/la-16eme-rencontre-mondiale-du-soufisme-du-18-au-22-octobre\/"},"modified":"2021-10-18T10:58:09","modified_gmt":"2021-10-18T14:58:09","slug":"la-16eme-rencontre-mondiale-du-soufisme-du-18-au-22-octobre","status":"publish","type":"post","link":"https:\/\/linitiative.ca\/International\/la-16eme-rencontre-mondiale-du-soufisme-du-18-au-22-octobre\/","title":{"rendered":"La 16\u00e8me Rencontre Mondiale du soufisme, du 18 au 22 octobre"},"content":{"rendered":"<div>\n<div style=\"margin-bottom:20px;\"><img loading=\"lazy\" decoding=\"async\" width=\"750\" height=\"430\" src=\"https:\/\/linitiative.ca\/International\/wp-content\/uploads\/sites\/23\/2021\/10\/Affiche-du-16e-rencontre-mondiale-du-soufisme-750C397430.jpg\" class=\"attachment-post-thumbnail size-post-thumbnail wp-post-image\" alt=\"\" srcset=\"https:\/\/linitiative.ca\/International\/wp-content\/uploads\/sites\/23\/2021\/10\/Affiche-du-16e-rencontre-mondiale-du-soufisme-750C397430.jpg 750w, http:\/\/www.mapoujda.ma\/map\/uploads\/2021\/10\/Affiche-du-16e-rencontre-mondiale-du-soufisme-750\u00d7430-300x172.jpg 300w\" sizes=\"auto, (max-width: 750px) 100vw, 750px\"><\/div>\n<div>\n<p style=\"text-align: justify;\">La Tariqa Qadiriyya Boudchichiyya et sa machyakha et la fondation Al Moultaqa organisent, du 18 au 22 octobre\u00a0courant\u00a0\u00e0 Madagh (province de Berkane), la 16\u00e8me \u00e9dition de la Rencontre Mondiale du soufisme sous le th\u00e8me : \u00ab\u00a0Le soufisme et les valeurs humaines : du local \u00e0 l\u2019universel\u00a0\u00bb.<\/p>\n<p style=\"text-align: justify;\">Cet \u00e9v\u00e8nement, tenu sous le Haut patronage de SM le Roi Mohammed VI et organis\u00e9 \u00e0 l\u2019occasion de l\u2019Aid Al Mawlid Annabawi Charif\u00a0en partenariat avec le Centre Euro-M\u00e9diterran\u00e9en pour l\u2019\u00c9tude de l\u2019Islam Actuel (CEMEIA), se tient cette ann\u00e9e en mode hybride, avec certaines activit\u00e9s qui seront tenues en pr\u00e9sentiel, alors que le reste sera organis\u00e9 \u00e0 distance, \u00e0 travers les r\u00e9seaux sociaux, et ce compte tenu du contexte exceptionnel mondial, li\u00e9 \u00e0 la pand\u00e9mie de la Covid-19.<\/p>\n<p style=\"text-align: justify;\">Selon un communiqu\u00e9 des organisateurs, la th\u00e9matique abord\u00e9e par cette \u00e9dition est dict\u00e9e par le contexte actuel o\u00f9 le monde connait des transformations acc\u00e9l\u00e9r\u00e9es qui ont cr\u00e9\u00e9 plusieurs conflits, craintes et risques, ce qui s\u2019est traduit par diverses crises \u00e9thiques, \u00e9cologiques et sanitaires, mena\u00e7ant directement la s\u00e9curit\u00e9 humaine et cr\u00e9ant une angoisse existentielle continue, un d\u00e9s\u00e9quilibre psychique et un grand \u00e9puisement.<\/p>\n<p style=\"text-align: justify;\">\u00abIl semble que le plus grand fl\u00e9au dont fait face l\u2019homme contemporain est la n\u00e9gligence de la purification des \u00e2mes, l\u2019incapacit\u00e9 \u00e0 transformer les comportements et \u00e0 d\u00e9velopper les comp\u00e9tences\u00bb, estime le communiqu\u00e9, ajoutant que cette \u00e9dition vise \u00e0 r\u00e9pondre \u00e0 la question centrale : face \u00e0 ces grands d\u00e9fis, o\u00f9 peut-on trouver le refuge s\u00fbr menant au salut et \u00e0 la protection contre ces multiples crises ?<\/p>\n<p style=\"text-align: justify;\">Cette \u00e9dition s\u2019attachera \u00e9galement \u00e0 mettre en \u00e9vidence l\u2019universalit\u00e9 de l\u2019islam qui s\u2019adresse, par son message et ses principes, \u00e0 l\u2019humanit\u00e9 dans sa globalit\u00e9. Ses principes \u00e9lev\u00e9s et ses recommandations appellent \u00e0 la justice et \u00e0 la tol\u00e9rance, rejettent cat\u00e9goriquement toute forme d\u2019injustice et de violence et pr\u00f4nent la coexistence pacifique entre tous les humains, dans un climat de fraternit\u00e9 et de tol\u00e9rance, sans distinction de races, de couleurs, de croyances ou de pays, rel\u00e8ve-t-on.<\/p>\n<p style=\"text-align: justify;\">Ce forum a aussi pour objectif de mettre en valeur le r\u00f4le du soufisme en tant que recherche de l\u2019excellence (ihssan) en islam et qui se distingue par une tendance humaine et universelle ouverte sur toutes les religions et les races.<\/p>\n<p style=\"text-align: justify;\">Il vise \u00e9galement \u00e0 mettre en lumi\u00e8re le mod\u00e8le marocain, notamment la composante spirituelle qui a marqu\u00e9 sa personnalit\u00e9 religieuse et qui demeure, de nos jours, un exemple \u00e0 suivre dans la diffusion des valeurs de paix, de coexistence et d\u2019engagement efficace dans la r\u00e9solution des crises politiques et internationales, tout en s\u2019attachant \u00e0 la sagesse, la fraternit\u00e9, la coop\u00e9ration et la r\u00e9conciliation, sous la conduite \u00e9clair\u00e9e de SM le Roi Mohammed VI, Commandeur des Croyants, souligne le communiqu\u00e9.<\/p>\n<p style=\"text-align: justify;\">Le sujet de cette \u00e9dition sera soumis \u00e0 la r\u00e9flexion et l\u2019analyse d\u2019un groupe de sp\u00e9cialistes, chercheurs et scientifiques de diverses sp\u00e9cialit\u00e9s litt\u00e9raire, scientifique, religieuse, philosophique, sociologique ou \u00e9conomique venant du Maroc, d\u2019Europe, d\u2019Asie, d\u2019Australie, d\u2019Afrique et d\u2019Am\u00e9rique.<\/p>\n<p style=\"text-align: justify;\">D\u2019autres activit\u00e9s seront \u00e9galement organis\u00e9es durant ce forum, dont les conf\u00e9rences qui seront anim\u00e9es par un groupe de sp\u00e9cialistes dans plusieurs domaines li\u00e9s aux th\u00e8mes du forum.<\/p>\n<p style=\"text-align: justify;\">En outre, le programme de cette ann\u00e9e sera marqu\u00e9 par l\u2019organisation de concours de r\u00e9citation et de psalmodie du Saint Coran, et du meilleur article sur le th\u00e8me : \u00ab\u00a0Les valeurs religieuses et leur dimensions universelles\u00a0\u00bb, en plus d\u2019un concours de po\u00e9sie louangeant le Proph\u00e8te.<\/p>\n<\/div>\n<p>L\u2019article <a rel=\"nofollow\" href=\"http:\/\/www.mapoujda.ma\/fr\/la-16eme-rencontre-mondiale-du-soufisme-du-18-au-22-octobre\/\">La 16\u00e8me Rencontre Mondiale du soufisme, du 18 au 22 octobre<\/a> est apparu en premier sur <a rel=\"nofollow\" href=\"http:\/\/www.mapoujda.ma\/fr\">MapOujda<\/a>.<\/p>\n<\/div>\n<p>Auteur: Soufiane ELAHMAR<br \/>\n<a href=\"http:\/\/www.mapoujda.ma\/fr\/la-16eme-rencontre-mondiale-du-soufisme-du-18-au-22-octobre\/\">Cliquez ici pour lire l&rsquo;article depuis sa source.<\/a><\/p>\n","protected":false},"excerpt":{"rendered":"<p>La Tariqa Qadiriyya Boudchichiyya et sa machyakha et la fondation Al Moultaqa organisent, du 18 au 22 octobre\u00a0courant\u00a0\u00e0 Madagh (province de Berkane), la 16\u00e8me \u00e9dition de la Rencontre Mondiale du soufisme sous le th\u00e8me : \u00ab\u00a0Le soufisme et les valeurs humaines : du local \u00e0 l\u2019universel\u00a0\u00bb. Cet \u00e9v\u00e8nement, tenu sous le Haut patronage de SM [&hellip;]<\/p>\n","protected":false},"author":1788,"featured_media":0,"comment_status":"closed","ping_status":"closed","sticky":false,"template":"","format":"standard","meta":{"fifu_image_url":"http:\/\/www.mapoujda.ma\/map\/uploads\/2021\/10\/Affiche-du-16e-rencontre-mondiale-du-soufisme-750\u00d7430.jpg","fifu_image_alt":"La 16\u00e8me Rencontre Mondiale du soufisme, du 18 au 22 octobre","footnotes":""},"categories":[54,76],"tags":[],"class_list":["post-130291","post","type-post","status-publish","format-standard","hentry","category-maroc","category-regions"],"_links":{"self":[{"href":"https:\/\/linitiative.ca\/International\/wp-json\/wp\/v2\/posts\/130291","targetHints":{"allow":["GET"]}}],"collection":[{"href":"https:\/\/linitiative.ca\/International\/wp-json\/wp\/v2\/posts"}],"about":[{"href":"https:\/\/linitiative.ca\/International\/wp-json\/wp\/v2\/types\/post"}],"author":[{"embeddable":true,"href":"https:\/\/linitiative.ca\/International\/wp-json\/wp\/v2\/users\/1788"}],"replies":[{"embeddable":true,"href":"https:\/\/linitiative.ca\/International\/wp-json\/wp\/v2\/comments?post=130291"}],"version-history":[{"count":0,"href":"https:\/\/linitiative.ca\/International\/wp-json\/wp\/v2\/posts\/130291\/revisions"}],"wp:attachment":[{"href":"https:\/\/linitiative.ca\/International\/wp-json\/wp\/v2\/media?parent=130291"}],"wp:term":[{"taxonomy":"category","embeddable":true,"href":"https:\/\/linitiative.ca\/International\/wp-json\/wp\/v2\/categories?post=130291"},{"taxonomy":"post_tag","embeddable":true,"href":"https:\/\/linitiative.ca\/International\/wp-json\/wp\/v2\/tags?post=130291"}],"curies":[{"name":"wp","href":"https:\/\/api.w.org\/{rel}","templated":true}]}}