{"id":130293,"date":"2021-10-18T14:01:10","date_gmt":"2021-10-18T18:01:10","guid":{"rendered":"https:\/\/linitiative.ca\/International\/colloque-international-sur-le-secteur-des-services-dans-les-pays-emergents\/"},"modified":"2021-10-18T14:01:10","modified_gmt":"2021-10-18T18:01:10","slug":"colloque-international-sur-le-secteur-des-services-dans-les-pays-emergents","status":"publish","type":"post","link":"https:\/\/linitiative.ca\/International\/colloque-international-sur-le-secteur-des-services-dans-les-pays-emergents\/","title":{"rendered":"Colloque international sur le secteur des services dans les pays \u00e9mergents"},"content":{"rendered":"<div>\n<div style=\"margin-bottom:20px;\"><img loading=\"lazy\" decoding=\"async\" width=\"750\" height=\"430\" src=\"https:\/\/linitiative.ca\/International\/wp-content\/uploads\/sites\/23\/2021\/10\/Logo-ENCG-Oujda-750430-DR.jpg\" class=\"attachment-post-thumbnail size-post-thumbnail wp-post-image\" alt=\"\" srcset=\"https:\/\/linitiative.ca\/International\/wp-content\/uploads\/sites\/23\/2021\/10\/Logo-ENCG-Oujda-750430-DR.jpg 750w, http:\/\/www.mapoujda.ma\/map\/uploads\/2021\/10\/Logo-ENCG-Oujda-750430-DR-300x172.jpg 300w\" sizes=\"auto, (max-width: 750px) 100vw, 750px\"><\/div>\n<div>\n<p style=\"text-align: justify;\">L\u2019Ecole nationale de commerce et de gestion (ENCG) relevant de l\u2019Universit\u00e9 Mohammed Premier d\u2019Oujda organise, les 28 et 29 octobre courant, la 3\u00e8me \u00e9dition du Colloque international \u00abServices, tourisme, et distribution dans les pays \u00e9mergents\u00bb.<\/p>\n<p style=\"text-align: justify;\">Cette rencontre, organis\u00e9e conjointement avec l\u2019Universit\u00e9 Sorbonne Paris Nord, vise \u00e0 actualiser et approfondir les connaissances dans le domaine du commerce, du tourisme et des services dans les pays \u00e9mergents et en voie de d\u00e9veloppement, \u00e0 la lumi\u00e8re des perturbations et des contraintes actuelles qui affectent ce secteur.<\/p>\n<p style=\"text-align: justify;\">Le colloque, qui connaitra la participation d\u2019experts et chercheurs marocains et \u00e9trangers, entend contribuer \u00e0 combler les lacunes en mati\u00e8re de recherche dans ce domaine et apporter des r\u00e9ponses aux d\u00e9fis pos\u00e9s, indiquent les organisateurs dans un communiqu\u00e9, notant que les recherches th\u00e9oriques et pratiques qui seront expos\u00e9es lors de cette rencontre s\u2019ouvriront sur plusieurs domaines et sp\u00e9cialit\u00e9s, \u00e0 la fois diverses et compl\u00e9mentaires, comme l\u2019administration, l\u2019\u00e9conomie, la sociologie et la g\u00e9ostrat\u00e9gie.<\/p>\n<p style=\"text-align: justify;\">Deux principales questions seront pos\u00e9es, \u00e0 savoir pourquoi les recherches dans le secteur des services restent concentr\u00e9es sur les pays d\u00e9velopp\u00e9s alors que ce secteur joue un r\u00f4le crucial dans la diff\u00e9rentiation en mati\u00e8re de comp\u00e9titivit\u00e9 globale des pays et entreprises, et comment faire pour acc\u00e9l\u00e9rer les relations \u00e9conomiques entre les pays \u00e9mergents en vue d\u2019ouvrir des opportunit\u00e9s \u00e9conomiques et de d\u00e9veloppement plus vastes et plus importantes.<\/p>\n<p style=\"text-align: justify;\">Le programme de cette rencontre pr\u00e9voit plusieurs tables rondes et ateliers avec la participation de chercheurs, experts et partenaires marocains et internationaux.<\/p>\n<\/div>\n<p>L\u2019article <a rel=\"nofollow\" href=\"http:\/\/www.mapoujda.ma\/fr\/colloque-international-sur-le-secteur-des-services-dans-les-pays-emergents\/\">Colloque international sur le secteur des services dans les pays \u00e9mergents<\/a> est apparu en premier sur <a rel=\"nofollow\" href=\"http:\/\/www.mapoujda.ma\/fr\">MapOujda<\/a>.<\/p>\n<\/div>\n<p>Auteur: Soufiane ELAHMAR<br \/>\n<a href=\"http:\/\/www.mapoujda.ma\/fr\/colloque-international-sur-le-secteur-des-services-dans-les-pays-emergents\/\">Cliquez ici pour lire l&rsquo;article depuis sa source.<\/a><\/p>\n","protected":false},"excerpt":{"rendered":"<p>L\u2019Ecole nationale de commerce et de gestion (ENCG) relevant de l\u2019Universit\u00e9 Mohammed Premier d\u2019Oujda organise, les 28 et 29 octobre courant, la 3\u00e8me \u00e9dition du Colloque international \u00abServices, tourisme, et distribution dans les pays \u00e9mergents\u00bb. Cette rencontre, organis\u00e9e conjointement avec l\u2019Universit\u00e9 Sorbonne Paris Nord, vise \u00e0 actualiser et approfondir les connaissances dans le domaine du [&hellip;]<\/p>\n","protected":false},"author":1788,"featured_media":0,"comment_status":"closed","ping_status":"closed","sticky":false,"template":"","format":"standard","meta":{"fifu_image_url":"http:\/\/www.mapoujda.ma\/map\/uploads\/2021\/10\/Logo-ENCG-Oujda-750430-DR.jpg","fifu_image_alt":"Colloque international sur le secteur des services dans les pays \u00e9mergents","footnotes":""},"categories":[54,76],"tags":[],"class_list":["post-130293","post","type-post","status-publish","format-standard","hentry","category-maroc","category-regions"],"_links":{"self":[{"href":"https:\/\/linitiative.ca\/International\/wp-json\/wp\/v2\/posts\/130293","targetHints":{"allow":["GET"]}}],"collection":[{"href":"https:\/\/linitiative.ca\/International\/wp-json\/wp\/v2\/posts"}],"about":[{"href":"https:\/\/linitiative.ca\/International\/wp-json\/wp\/v2\/types\/post"}],"author":[{"embeddable":true,"href":"https:\/\/linitiative.ca\/International\/wp-json\/wp\/v2\/users\/1788"}],"replies":[{"embeddable":true,"href":"https:\/\/linitiative.ca\/International\/wp-json\/wp\/v2\/comments?post=130293"}],"version-history":[{"count":0,"href":"https:\/\/linitiative.ca\/International\/wp-json\/wp\/v2\/posts\/130293\/revisions"}],"wp:attachment":[{"href":"https:\/\/linitiative.ca\/International\/wp-json\/wp\/v2\/media?parent=130293"}],"wp:term":[{"taxonomy":"category","embeddable":true,"href":"https:\/\/linitiative.ca\/International\/wp-json\/wp\/v2\/categories?post=130293"},{"taxonomy":"post_tag","embeddable":true,"href":"https:\/\/linitiative.ca\/International\/wp-json\/wp\/v2\/tags?post=130293"}],"curies":[{"name":"wp","href":"https:\/\/api.w.org\/{rel}","templated":true}]}}