{"id":130317,"date":"2021-10-18T04:00:00","date_gmt":"2021-10-18T08:00:00","guid":{"rendered":"https:\/\/linitiative.ca\/International\/dr-reinincke-a-la-tete-du-german-orient-institute\/"},"modified":"2021-10-18T04:00:00","modified_gmt":"2021-10-18T08:00:00","slug":"dr-reinincke-a-la-tete-du-german-orient-institute","status":"publish","type":"post","link":"https:\/\/linitiative.ca\/International\/dr-reinincke-a-la-tete-du-german-orient-institute\/","title":{"rendered":"Dr Reinincke \u00e0 la t\u00eate du German Orient Institute"},"content":{"rendered":"<div><img decoding=\"async\" src=\"https:\/\/linitiative.ca\/International\/wp-content\/uploads\/sites\/23\/2021\/10\/1634497067_article.jpg\" alt=\"Dr Reinincke \u00e0 la t\u00eate du German Orient Institute\" align=\"left\">L\u2019ancien ambassadeur d\u2019Allemagne \u00e0 Tunis, Dr Reinincke (2014-2020), a \u00e9t\u00e9 investi d\u2019une nouvelle fonction. Jusque-l\u00e0 conseiller aupr\u00e8s du minist\u00e8re de la Coop\u00e9ration sur la coop\u00e9ration digitale avec les pays d\u2019Afrique du Nord, en collaboration avec la GIZ, la KFW et d\u2019autres institutions, il vient d\u2019\u00eatre d\u00e9sign\u00e9 directeur du German Orient Institute, et coopt\u00e9 membre de son conseil d\u2019administration. C\u2019est le plus ancien institut priv\u00e9 de recherche scientifique sur le Proche et le Moyen-Orient en Europe.<br \/>\nFond\u00e9 en 1960 par l\u2019association \u00e0 but non lucratif German Near and Middle East Association (NUMOV), il a pour objectif la promotion et l\u2019approfondissement &#8230;<\/p>\n<\/div>\n<p>Auteur:<br \/>\n<a href=\"https:\/\/www.leaders.com.tn\/article\/32543-dr-reinincke-a-la-tete-du-german-orient-institute\">Cliquez ici pour lire l&rsquo;article depuis sa source.<\/a><\/p>\n","protected":false},"excerpt":{"rendered":"<p>L\u2019ancien ambassadeur d\u2019Allemagne \u00e0 Tunis, Dr Reinincke (2014-2020), a \u00e9t\u00e9 investi d\u2019une nouvelle fonction. Jusque-l\u00e0 conseiller aupr\u00e8s du minist\u00e8re de la Coop\u00e9ration sur la coop\u00e9ration digitale avec les pays d\u2019Afrique du Nord, en collaboration avec la GIZ, la KFW et d\u2019autres institutions, il vient d\u2019\u00eatre d\u00e9sign\u00e9 directeur du German Orient Institute, et coopt\u00e9 membre de [&hellip;]<\/p>\n","protected":false},"author":1772,"featured_media":0,"comment_status":"closed","ping_status":"closed","sticky":false,"template":"","format":"standard","meta":{"fifu_image_url":"http:\/\/www.leaders.com.tn\/uploads\/content\/thumbnails_small\/1634497067_article.jpg","fifu_image_alt":"Dr Reinincke \u00e0 la t\u00eate du German Orient Institute","footnotes":""},"categories":[73,55],"tags":[],"class_list":["post-130317","post","type-post","status-publish","format-standard","hentry","category-actualite","category-tunisie"],"_links":{"self":[{"href":"https:\/\/linitiative.ca\/International\/wp-json\/wp\/v2\/posts\/130317","targetHints":{"allow":["GET"]}}],"collection":[{"href":"https:\/\/linitiative.ca\/International\/wp-json\/wp\/v2\/posts"}],"about":[{"href":"https:\/\/linitiative.ca\/International\/wp-json\/wp\/v2\/types\/post"}],"author":[{"embeddable":true,"href":"https:\/\/linitiative.ca\/International\/wp-json\/wp\/v2\/users\/1772"}],"replies":[{"embeddable":true,"href":"https:\/\/linitiative.ca\/International\/wp-json\/wp\/v2\/comments?post=130317"}],"version-history":[{"count":0,"href":"https:\/\/linitiative.ca\/International\/wp-json\/wp\/v2\/posts\/130317\/revisions"}],"wp:attachment":[{"href":"https:\/\/linitiative.ca\/International\/wp-json\/wp\/v2\/media?parent=130317"}],"wp:term":[{"taxonomy":"category","embeddable":true,"href":"https:\/\/linitiative.ca\/International\/wp-json\/wp\/v2\/categories?post=130317"},{"taxonomy":"post_tag","embeddable":true,"href":"https:\/\/linitiative.ca\/International\/wp-json\/wp\/v2\/tags?post=130317"}],"curies":[{"name":"wp","href":"https:\/\/api.w.org\/{rel}","templated":true}]}}