{"id":130327,"date":"2021-10-18T14:05:39","date_gmt":"2021-10-18T18:05:39","guid":{"rendered":"https:\/\/linitiative.ca\/International\/le-maroc-adopte-le-passeport-vaccinal-dans-les-transports-et-les-espaces-publics\/"},"modified":"2021-10-18T14:05:39","modified_gmt":"2021-10-18T18:05:39","slug":"le-maroc-adopte-le-passeport-vaccinal-dans-les-transports-et-les-espaces-publics","status":"publish","type":"post","link":"https:\/\/linitiative.ca\/International\/le-maroc-adopte-le-passeport-vaccinal-dans-les-transports-et-les-espaces-publics\/","title":{"rendered":"Le Maroc adopte le passeport vaccinal dans les transports et les espaces publics"},"content":{"rendered":"<div><img decoding=\"async\" width=\"267\" height=\"189\" src=\"https:\/\/linitiative.ca\/International\/wp-content\/uploads\/sites\/23\/2021\/10\/vaccine-pass.jpg\" class=\"attachment-post-thumbnail size-post-thumbnail wp-post-image\" alt=\"\" loading=\"lazy\" itemprop=\"image\">A compter de ce jeudi 21 octobre 2021, le gouvernement a d\u00e9cid\u00e9 d\u2019adopter une nouvelle approche de pr\u00e9caution bas\u00e9e sur le passeport vaccinal en tant que document homologu\u00e9 par les autorit\u00e9s sanitaires, sur la base des exigences l\u00e9gales li\u00e9es \u00e0 la gestion de l\u2019\u00e9tat d\u2019urgence sanitaire.\u00a0 Un communiqu\u00e9 du gouvernement<\/div>\n<p>Auteur: challenge<br \/>\n<a href=\"https:\/\/www.challenge.ma\/le-maroc-adopte-le-passeport-vaccinal-dans-les-transports-et-les-espaces-publics-223874\/\">Cliquez ici pour lire l&rsquo;article depuis sa source.<\/a><\/p>\n","protected":false},"excerpt":{"rendered":"<p>A compter de ce jeudi 21 octobre 2021, le gouvernement a d\u00e9cid\u00e9 d\u2019adopter une nouvelle approche de pr\u00e9caution bas\u00e9e sur le passeport vaccinal en tant que document homologu\u00e9 par les autorit\u00e9s sanitaires, sur la base des exigences l\u00e9gales li\u00e9es \u00e0 la gestion de l\u2019\u00e9tat d\u2019urgence sanitaire.\u00a0 Un communiqu\u00e9 du gouvernement Auteur: challenge Cliquez ici pour [&hellip;]<\/p>\n","protected":false},"author":1787,"featured_media":0,"comment_status":"closed","ping_status":"closed","sticky":false,"template":"","format":"standard","meta":{"fifu_image_url":"https:\/\/www.challenge.ma\/wp-content\/uploads\/2021\/10\/vaccine-pass.jpg","fifu_image_alt":"Le Maroc adopte le passeport vaccinal dans les transports et les espaces publics","footnotes":""},"categories":[78,54],"tags":[],"class_list":["post-130327","post","type-post","status-publish","format-standard","hentry","category-economie","category-maroc"],"_links":{"self":[{"href":"https:\/\/linitiative.ca\/International\/wp-json\/wp\/v2\/posts\/130327","targetHints":{"allow":["GET"]}}],"collection":[{"href":"https:\/\/linitiative.ca\/International\/wp-json\/wp\/v2\/posts"}],"about":[{"href":"https:\/\/linitiative.ca\/International\/wp-json\/wp\/v2\/types\/post"}],"author":[{"embeddable":true,"href":"https:\/\/linitiative.ca\/International\/wp-json\/wp\/v2\/users\/1787"}],"replies":[{"embeddable":true,"href":"https:\/\/linitiative.ca\/International\/wp-json\/wp\/v2\/comments?post=130327"}],"version-history":[{"count":0,"href":"https:\/\/linitiative.ca\/International\/wp-json\/wp\/v2\/posts\/130327\/revisions"}],"wp:attachment":[{"href":"https:\/\/linitiative.ca\/International\/wp-json\/wp\/v2\/media?parent=130327"}],"wp:term":[{"taxonomy":"category","embeddable":true,"href":"https:\/\/linitiative.ca\/International\/wp-json\/wp\/v2\/categories?post=130327"},{"taxonomy":"post_tag","embeddable":true,"href":"https:\/\/linitiative.ca\/International\/wp-json\/wp\/v2\/tags?post=130327"}],"curies":[{"name":"wp","href":"https:\/\/api.w.org\/{rel}","templated":true}]}}