{"id":130332,"date":"2021-10-18T16:18:10","date_gmt":"2021-10-18T20:18:10","guid":{"rendered":"https:\/\/linitiative.ca\/International\/tunisie-la-covid19-jette-600-mille-tunisiens-dans-la-pauvrete\/"},"modified":"2021-10-18T16:18:10","modified_gmt":"2021-10-18T20:18:10","slug":"tunisie-la-covid19-jette-600-mille-tunisiens-dans-la-pauvrete","status":"publish","type":"post","link":"https:\/\/linitiative.ca\/International\/tunisie-la-covid19-jette-600-mille-tunisiens-dans-la-pauvrete\/","title":{"rendered":"Tunisie \u2013 La covid19 jette 600 mille tunisiens dans la pauvret\u00e9"},"content":{"rendered":"<div>\n<p>Selin les derniers chiffres publi\u00e9s \u00e0 l\u2019occasion de la journ\u00e9e mondiale de la pauvret\u00e9 montre que l\u2019\u00e9pid\u00e9mie de la covid19 en Tunisie a pr\u00e9cipit\u00e9 quelque 600 mille tunisiens dans la pauvret\u00e9. Le taux de pauvret\u00e9 a, en effet, \u00e9volu\u00e9 \u00e0 la suite de l\u2019\u00e9pid\u00e9mie, de 15.5 \u00e0 21% de la population g\u00e9n\u00e9rale.<\/p>\n<p>L\u2019article <a href=\"https:\/\/www.tunisienumerique.com\/tunisie-la-covid19-jette-600-mille-tunisiens-dans-la-pauvrete\/\">Tunisie \u2013 La covid19 jette 600 mille tunisiens dans la pauvret\u00e9<\/a> est apparu en premier sur <a href=\"http:\/\/www.tunisienumerique.com\/\">Tunisie<\/a>.<\/p>\n<\/div>\n<p>Auteur: LM<br \/>\n<a href=\"https:\/\/www.tunisienumerique.com\/tunisie-la-covid19-jette-600-mille-tunisiens-dans-la-pauvrete\/\">Cliquez ici pour lire l&rsquo;article depuis sa source.<\/a><\/p>\n","protected":false},"excerpt":{"rendered":"<p>Selin les derniers chiffres publi\u00e9s \u00e0 l\u2019occasion de la journ\u00e9e mondiale de la pauvret\u00e9 montre que l\u2019\u00e9pid\u00e9mie de la covid19 en Tunisie a pr\u00e9cipit\u00e9 quelque 600 mille tunisiens dans la pauvret\u00e9. Le taux de pauvret\u00e9 a, en effet, \u00e9volu\u00e9 \u00e0 la suite de l\u2019\u00e9pid\u00e9mie, de 15.5 \u00e0 21% de la population g\u00e9n\u00e9rale. L\u2019article Tunisie \u2013 [&hellip;]<\/p>\n","protected":false},"author":1789,"featured_media":0,"comment_status":"closed","ping_status":"closed","sticky":false,"template":"","format":"standard","meta":{"fifu_image_url":"","fifu_image_alt":"","footnotes":""},"categories":[73,55],"tags":[],"class_list":["post-130332","post","type-post","status-publish","format-standard","hentry","category-actualite","category-tunisie"],"_links":{"self":[{"href":"https:\/\/linitiative.ca\/International\/wp-json\/wp\/v2\/posts\/130332","targetHints":{"allow":["GET"]}}],"collection":[{"href":"https:\/\/linitiative.ca\/International\/wp-json\/wp\/v2\/posts"}],"about":[{"href":"https:\/\/linitiative.ca\/International\/wp-json\/wp\/v2\/types\/post"}],"author":[{"embeddable":true,"href":"https:\/\/linitiative.ca\/International\/wp-json\/wp\/v2\/users\/1789"}],"replies":[{"embeddable":true,"href":"https:\/\/linitiative.ca\/International\/wp-json\/wp\/v2\/comments?post=130332"}],"version-history":[{"count":0,"href":"https:\/\/linitiative.ca\/International\/wp-json\/wp\/v2\/posts\/130332\/revisions"}],"wp:attachment":[{"href":"https:\/\/linitiative.ca\/International\/wp-json\/wp\/v2\/media?parent=130332"}],"wp:term":[{"taxonomy":"category","embeddable":true,"href":"https:\/\/linitiative.ca\/International\/wp-json\/wp\/v2\/categories?post=130332"},{"taxonomy":"post_tag","embeddable":true,"href":"https:\/\/linitiative.ca\/International\/wp-json\/wp\/v2\/tags?post=130332"}],"curies":[{"name":"wp","href":"https:\/\/api.w.org\/{rel}","templated":true}]}}