{"id":130333,"date":"2021-10-18T16:20:54","date_gmt":"2021-10-18T20:20:54","guid":{"rendered":"https:\/\/linitiative.ca\/International\/josep-borrell-jai-discute-avec-kais-saied-sur-limportance-de-la-separation-des-pouvoirs\/"},"modified":"2021-10-18T16:20:54","modified_gmt":"2021-10-18T20:20:54","slug":"josep-borrell-jai-discute-avec-kais-saied-sur-limportance-de-la-separation-des-pouvoirs","status":"publish","type":"post","link":"https:\/\/linitiative.ca\/International\/josep-borrell-jai-discute-avec-kais-saied-sur-limportance-de-la-separation-des-pouvoirs\/","title":{"rendered":"Josep Borrell : J\u2019ai discut\u00e9 avec Kais Saied sur l\u2019importance de la s\u00e9paration des pouvoirs"},"content":{"rendered":"<div>\n<p>Le chef de la politique \u00e9trang\u00e8re de l\u2019Union Europ\u00e9enne, Josep Borrell, a annonc\u00e9 aujourd\u2019hui, lundi 18 octobre 2021, qu\u2019il s\u2019est entretenu avec le pr\u00e9sident de la R\u00e9publique, Kais Saied, au sujet de la situation politique dans le pays. Borrell a d\u00e9clar\u00e9 qu\u2019il a discut\u00e9 avec Kais Saied sur l\u2019importance de la s\u00e9paration des pouvoirs. Il [\u2026]<\/p>\n<p>L\u2019article <a href=\"https:\/\/www.tunisienumerique.com\/josep-borrell-jai-discute-avec-kais-saied-sur-limportance-de-la-separation-des-pouvoirs\/\">Josep Borrell : J\u2019ai discut\u00e9 avec Kais Saied sur l\u2019importance de la s\u00e9paration des pouvoirs<\/a> est apparu en premier sur <a href=\"http:\/\/www.tunisienumerique.com\/\">Tunisie<\/a>.<\/p>\n<\/div>\n<p>Auteur: rania ben slimane<br \/>\n<a href=\"https:\/\/www.tunisienumerique.com\/josep-borrell-jai-discute-avec-kais-saied-sur-limportance-de-la-separation-des-pouvoirs\/\">Cliquez ici pour lire l&rsquo;article depuis sa source.<\/a><\/p>\n","protected":false},"excerpt":{"rendered":"<p>Le chef de la politique \u00e9trang\u00e8re de l\u2019Union Europ\u00e9enne, Josep Borrell, a annonc\u00e9 aujourd\u2019hui, lundi 18 octobre 2021, qu\u2019il s\u2019est entretenu avec le pr\u00e9sident de la R\u00e9publique, Kais Saied, au sujet de la situation politique dans le pays. Borrell a d\u00e9clar\u00e9 qu\u2019il a discut\u00e9 avec Kais Saied sur l\u2019importance de la s\u00e9paration des pouvoirs. Il [&hellip;]<\/p>\n","protected":false},"author":1789,"featured_media":0,"comment_status":"closed","ping_status":"closed","sticky":false,"template":"","format":"standard","meta":{"fifu_image_url":"","fifu_image_alt":"","footnotes":""},"categories":[73,55],"tags":[],"class_list":["post-130333","post","type-post","status-publish","format-standard","hentry","category-actualite","category-tunisie"],"_links":{"self":[{"href":"https:\/\/linitiative.ca\/International\/wp-json\/wp\/v2\/posts\/130333","targetHints":{"allow":["GET"]}}],"collection":[{"href":"https:\/\/linitiative.ca\/International\/wp-json\/wp\/v2\/posts"}],"about":[{"href":"https:\/\/linitiative.ca\/International\/wp-json\/wp\/v2\/types\/post"}],"author":[{"embeddable":true,"href":"https:\/\/linitiative.ca\/International\/wp-json\/wp\/v2\/users\/1789"}],"replies":[{"embeddable":true,"href":"https:\/\/linitiative.ca\/International\/wp-json\/wp\/v2\/comments?post=130333"}],"version-history":[{"count":0,"href":"https:\/\/linitiative.ca\/International\/wp-json\/wp\/v2\/posts\/130333\/revisions"}],"wp:attachment":[{"href":"https:\/\/linitiative.ca\/International\/wp-json\/wp\/v2\/media?parent=130333"}],"wp:term":[{"taxonomy":"category","embeddable":true,"href":"https:\/\/linitiative.ca\/International\/wp-json\/wp\/v2\/categories?post=130333"},{"taxonomy":"post_tag","embeddable":true,"href":"https:\/\/linitiative.ca\/International\/wp-json\/wp\/v2\/tags?post=130333"}],"curies":[{"name":"wp","href":"https:\/\/api.w.org\/{rel}","templated":true}]}}