{"id":130334,"date":"2021-10-18T16:45:35","date_gmt":"2021-10-18T20:45:35","guid":{"rendered":"https:\/\/linitiative.ca\/International\/affaire-des-dechets-italiens-la-justice-italienne-debloque-la-garantie-financiere-de-lentreprise-exportatrice\/"},"modified":"2021-10-18T16:45:35","modified_gmt":"2021-10-18T20:45:35","slug":"affaire-des-dechets-italiens-la-justice-italienne-debloque-la-garantie-financiere-de-lentreprise-exportatrice","status":"publish","type":"post","link":"https:\/\/linitiative.ca\/International\/affaire-des-dechets-italiens-la-justice-italienne-debloque-la-garantie-financiere-de-lentreprise-exportatrice\/","title":{"rendered":"Affaire des d\u00e9chets italiens : La justice italienne d\u00e9bloque la garantie financi\u00e8re de l\u2019entreprise exportatrice"},"content":{"rendered":"<div>\n<p>Concernant les derniers d\u00e9veloppements de l\u2019affaire des d\u00e9chets italiens, le d\u00e9put\u00e9 gel\u00e9 Majdi Karbai, a d\u00e9clar\u00e9 aujourd\u2019hui 18 octobre 2021 que la justice italienne avait lev\u00e9 le gel de la garantie financi\u00e8re estim\u00e9e \u00e0 6,7 millions d\u2019euros, d\u00e9pos\u00e9e par l\u2019entreprise italienne exportatrice de d\u00e9chets. Dans un post publi\u00e9 sur sa page aujourd\u2019hui, M. Karbai a [\u2026]<\/p>\n<p>L\u2019article <a href=\"https:\/\/www.tunisienumerique.com\/affaire-des-dechets-italiens-la-justice-italienne-debloque-la-garantie-financiere-de-lentreprise-exportatrice\/\">Affaire des d\u00e9chets italiens : La justice italienne d\u00e9bloque la garantie financi\u00e8re de l\u2019entreprise exportatrice<\/a> est apparu en premier sur <a href=\"http:\/\/www.tunisienumerique.com\/\">Tunisie<\/a>.<\/p>\n<\/div>\n<p>Auteur: rania ben slimane<br \/>\n<a href=\"https:\/\/www.tunisienumerique.com\/affaire-des-dechets-italiens-la-justice-italienne-debloque-la-garantie-financiere-de-lentreprise-exportatrice\/\">Cliquez ici pour lire l&rsquo;article depuis sa source.<\/a><\/p>\n","protected":false},"excerpt":{"rendered":"<p>Concernant les derniers d\u00e9veloppements de l\u2019affaire des d\u00e9chets italiens, le d\u00e9put\u00e9 gel\u00e9 Majdi Karbai, a d\u00e9clar\u00e9 aujourd\u2019hui 18 octobre 2021 que la justice italienne avait lev\u00e9 le gel de la garantie financi\u00e8re estim\u00e9e \u00e0 6,7 millions d\u2019euros, d\u00e9pos\u00e9e par l\u2019entreprise italienne exportatrice de d\u00e9chets. Dans un post publi\u00e9 sur sa page aujourd\u2019hui, M. Karbai a [&hellip;]<\/p>\n","protected":false},"author":1789,"featured_media":0,"comment_status":"closed","ping_status":"closed","sticky":false,"template":"","format":"standard","meta":{"fifu_image_url":"","fifu_image_alt":"","footnotes":""},"categories":[73,55],"tags":[],"class_list":["post-130334","post","type-post","status-publish","format-standard","hentry","category-actualite","category-tunisie"],"_links":{"self":[{"href":"https:\/\/linitiative.ca\/International\/wp-json\/wp\/v2\/posts\/130334","targetHints":{"allow":["GET"]}}],"collection":[{"href":"https:\/\/linitiative.ca\/International\/wp-json\/wp\/v2\/posts"}],"about":[{"href":"https:\/\/linitiative.ca\/International\/wp-json\/wp\/v2\/types\/post"}],"author":[{"embeddable":true,"href":"https:\/\/linitiative.ca\/International\/wp-json\/wp\/v2\/users\/1789"}],"replies":[{"embeddable":true,"href":"https:\/\/linitiative.ca\/International\/wp-json\/wp\/v2\/comments?post=130334"}],"version-history":[{"count":0,"href":"https:\/\/linitiative.ca\/International\/wp-json\/wp\/v2\/posts\/130334\/revisions"}],"wp:attachment":[{"href":"https:\/\/linitiative.ca\/International\/wp-json\/wp\/v2\/media?parent=130334"}],"wp:term":[{"taxonomy":"category","embeddable":true,"href":"https:\/\/linitiative.ca\/International\/wp-json\/wp\/v2\/categories?post=130334"},{"taxonomy":"post_tag","embeddable":true,"href":"https:\/\/linitiative.ca\/International\/wp-json\/wp\/v2\/tags?post=130334"}],"curies":[{"name":"wp","href":"https:\/\/api.w.org\/{rel}","templated":true}]}}