{"id":130337,"date":"2021-10-18T14:55:39","date_gmt":"2021-10-18T18:55:39","guid":{"rendered":"https:\/\/linitiative.ca\/International\/victoire-de-jose-maria-neves-a-la-presidentielle-capverdienne\/"},"modified":"2021-10-18T14:55:39","modified_gmt":"2021-10-18T18:55:39","slug":"victoire-de-jose-maria-neves-a-la-presidentielle-capverdienne","status":"publish","type":"post","link":"https:\/\/linitiative.ca\/International\/victoire-de-jose-maria-neves-a-la-presidentielle-capverdienne\/","title":{"rendered":"VICTOIRE DE JOSE MARIA NEVES A LA PRESIDENTIELLE CAPVERDIENNE"},"content":{"rendered":"<div>\n<p><img decoding=\"async\" width=\"592\" height=\"296\" src=\"https:\/\/linitiative.ca\/International\/wp-content\/uploads\/sites\/23\/2021\/10\/CAP-VERT-2.jpg\" class=\"attachment- size- wp-post-image\" alt=\"\" loading=\"lazy\" style=\"float:left; margin:0 15px 15px 0;\" srcset=\"https:\/\/linitiative.ca\/International\/wp-content\/uploads\/sites\/23\/2021\/10\/CAP-VERT-2.jpg 592w, https:\/\/lepays.bf\/wp-content\/uploads\/2021\/10\/CAP-VERT-2-300x150.jpg 300w\" sizes=\"auto, (max-width: 592px) 100vw, 592px\">La commission charg\u00e9e d\u2019organiser les \u00e9lections au Cap-Vert, n\u2019aura pas fait durer le suspense. Quelques heures apr\u00e8s la fermeture des bureaux de vote, suivie du d\u00e9pouillement, elle a livr\u00e9 les r\u00e9sultats provisoires du scrutin pr\u00e9sidentiel. Et c\u2019est le candidat du parti de la gauche historique au Cap-Vert (PAICV), l\u2019ex-Premier ministre, Jos\u00e9 Maria Neves, qui a \u2026<\/p>\n<p>L\u2019article <a rel=\"nofollow\" href=\"https:\/\/lepays.bf\/victoire-de-jose-maria-neves-a-la-presidentielle-capverdienne\/\">VICTOIRE DE JOSE MARIA NEVES A LA PRESIDENTIELLE CAPVERDIENNE<\/a> est apparu en premier sur <a rel=\"nofollow\" href=\"https:\/\/lepays.bf\/\">Editions Le Pays<\/a>.<\/p>\n<\/div>\n<p>Auteur: Editions LEPAYS<br \/>\n<a href=\"https:\/\/lepays.bf\/victoire-de-jose-maria-neves-a-la-presidentielle-capverdienne\/\">Cliquez ici pour lire l&rsquo;article depuis sa source.<\/a><\/p>\n","protected":false},"excerpt":{"rendered":"<p>La commission charg\u00e9e d\u2019organiser les \u00e9lections au Cap-Vert, n\u2019aura pas fait durer le suspense. Quelques heures apr\u00e8s la fermeture des bureaux de vote, suivie du d\u00e9pouillement, elle a livr\u00e9 les r\u00e9sultats provisoires du scrutin pr\u00e9sidentiel. Et c\u2019est le candidat du parti de la gauche historique au Cap-Vert (PAICV), l\u2019ex-Premier ministre, Jos\u00e9 Maria Neves, qui a [&hellip;]<\/p>\n","protected":false},"author":1813,"featured_media":0,"comment_status":"closed","ping_status":"closed","sticky":false,"template":"","format":"standard","meta":{"fifu_image_url":"https:\/\/lepays.bf\/wp-content\/uploads\/2021\/10\/CAP-VERT-2.jpg","fifu_image_alt":"VICTOIRE DE JOSE MARIA NEVES A LA PRESIDENTIELLE CAPVERDIENNE","footnotes":""},"categories":[73,81],"tags":[],"class_list":["post-130337","post","type-post","status-publish","format-standard","hentry","category-actualite","category-burkina-faso"],"_links":{"self":[{"href":"https:\/\/linitiative.ca\/International\/wp-json\/wp\/v2\/posts\/130337","targetHints":{"allow":["GET"]}}],"collection":[{"href":"https:\/\/linitiative.ca\/International\/wp-json\/wp\/v2\/posts"}],"about":[{"href":"https:\/\/linitiative.ca\/International\/wp-json\/wp\/v2\/types\/post"}],"author":[{"embeddable":true,"href":"https:\/\/linitiative.ca\/International\/wp-json\/wp\/v2\/users\/1813"}],"replies":[{"embeddable":true,"href":"https:\/\/linitiative.ca\/International\/wp-json\/wp\/v2\/comments?post=130337"}],"version-history":[{"count":0,"href":"https:\/\/linitiative.ca\/International\/wp-json\/wp\/v2\/posts\/130337\/revisions"}],"wp:attachment":[{"href":"https:\/\/linitiative.ca\/International\/wp-json\/wp\/v2\/media?parent=130337"}],"wp:term":[{"taxonomy":"category","embeddable":true,"href":"https:\/\/linitiative.ca\/International\/wp-json\/wp\/v2\/categories?post=130337"},{"taxonomy":"post_tag","embeddable":true,"href":"https:\/\/linitiative.ca\/International\/wp-json\/wp\/v2\/tags?post=130337"}],"curies":[{"name":"wp","href":"https:\/\/api.w.org\/{rel}","templated":true}]}}