{"id":130339,"date":"2021-10-18T15:00:33","date_gmt":"2021-10-18T19:00:33","guid":{"rendered":"https:\/\/linitiative.ca\/International\/restitution-annoncee-de-tambour-par-leur-du-peuple-ebrie-a-la-cote-divoire\/"},"modified":"2021-10-18T15:00:33","modified_gmt":"2021-10-18T19:00:33","slug":"restitution-annoncee-de-tambour-par-leur-du-peuple-ebrie-a-la-cote-divoire","status":"publish","type":"post","link":"https:\/\/linitiative.ca\/International\/restitution-annoncee-de-tambour-par-leur-du-peuple-ebrie-a-la-cote-divoire\/","title":{"rendered":"RESTITUTION ANNONCEE DE TAMBOUR PAR LEUR DU PEUPLE EBRIE A LA COTE D\u2019IVOIRE"},"content":{"rendered":"<div>\n<p><img decoding=\"async\" width=\"660\" height=\"287\" src=\"https:\/\/linitiative.ca\/International\/wp-content\/uploads\/sites\/23\/2021\/10\/RESTITUTION.jpg\" class=\"attachment- size- wp-post-image\" alt=\"\" loading=\"lazy\" style=\"float:left; margin:0 15px 15px 0;\" srcset=\"https:\/\/linitiative.ca\/International\/wp-content\/uploads\/sites\/23\/2021\/10\/RESTITUTION.jpg 660w, https:\/\/lepays.bf\/wp-content\/uploads\/2021\/10\/RESTITUTION-300x130.jpg 300w\" sizes=\"auto, (max-width: 660px) 100vw, 660px\">La restitution d\u2019\u0153uvres d\u2019art par la France, aux pays africains, se poursuit. Apr\u00e8s le B\u00e9nin et le S\u00e9n\u00e9gal, la C\u00f4te d\u2019Ivoire va bient\u00f4t recevoir une \u0153uvre de grande importance. Il s\u2019agit du tambour parleur du peuple Ebri\u00e9, autrefois appel\u00e9 peuple tchaman. On pourrait dire que ce n\u2019est pas trop t\u00f4t. Mais comme le dit l\u2019adage, \u2026<\/p>\n<p>L\u2019article <a rel=\"nofollow\" href=\"https:\/\/lepays.bf\/restitution-annoncee-de-tambour-par-leur-du-peuple-ebrie-a-la-cote-divoire\/\">RESTITUTION ANNONCEE DE TAMBOUR PAR LEUR DU PEUPLE EBRIE A LA COTE D\u2019IVOIRE<\/a> est apparu en premier sur <a rel=\"nofollow\" href=\"https:\/\/lepays.bf\/\">Editions Le Pays<\/a>.<\/p>\n<\/div>\n<p>Auteur: Editions LEPAYS<br \/>\n<a href=\"https:\/\/lepays.bf\/restitution-annoncee-de-tambour-par-leur-du-peuple-ebrie-a-la-cote-divoire\/\">Cliquez ici pour lire l&rsquo;article depuis sa source.<\/a><\/p>\n","protected":false},"excerpt":{"rendered":"<p>La restitution d\u2019\u0153uvres d\u2019art par la France, aux pays africains, se poursuit. Apr\u00e8s le B\u00e9nin et le S\u00e9n\u00e9gal, la C\u00f4te d\u2019Ivoire va bient\u00f4t recevoir une \u0153uvre de grande importance. Il s\u2019agit du tambour parleur du peuple Ebri\u00e9, autrefois appel\u00e9 peuple tchaman. On pourrait dire que ce n\u2019est pas trop t\u00f4t. Mais comme le dit l\u2019adage, [&hellip;]<\/p>\n","protected":false},"author":1813,"featured_media":0,"comment_status":"closed","ping_status":"closed","sticky":false,"template":"","format":"standard","meta":{"fifu_image_url":"https:\/\/lepays.bf\/wp-content\/uploads\/2021\/10\/RESTITUTION.jpg","fifu_image_alt":"RESTITUTION ANNONCEE DE TAMBOUR PAR LEUR DU PEUPLE EBRIE A LA COTE D\u2019IVOIRE","footnotes":""},"categories":[73,81],"tags":[],"class_list":["post-130339","post","type-post","status-publish","format-standard","hentry","category-actualite","category-burkina-faso"],"_links":{"self":[{"href":"https:\/\/linitiative.ca\/International\/wp-json\/wp\/v2\/posts\/130339","targetHints":{"allow":["GET"]}}],"collection":[{"href":"https:\/\/linitiative.ca\/International\/wp-json\/wp\/v2\/posts"}],"about":[{"href":"https:\/\/linitiative.ca\/International\/wp-json\/wp\/v2\/types\/post"}],"author":[{"embeddable":true,"href":"https:\/\/linitiative.ca\/International\/wp-json\/wp\/v2\/users\/1813"}],"replies":[{"embeddable":true,"href":"https:\/\/linitiative.ca\/International\/wp-json\/wp\/v2\/comments?post=130339"}],"version-history":[{"count":0,"href":"https:\/\/linitiative.ca\/International\/wp-json\/wp\/v2\/posts\/130339\/revisions"}],"wp:attachment":[{"href":"https:\/\/linitiative.ca\/International\/wp-json\/wp\/v2\/media?parent=130339"}],"wp:term":[{"taxonomy":"category","embeddable":true,"href":"https:\/\/linitiative.ca\/International\/wp-json\/wp\/v2\/categories?post=130339"},{"taxonomy":"post_tag","embeddable":true,"href":"https:\/\/linitiative.ca\/International\/wp-json\/wp\/v2\/tags?post=130339"}],"curies":[{"name":"wp","href":"https:\/\/api.w.org\/{rel}","templated":true}]}}