{"id":130353,"date":"2021-10-18T14:18:02","date_gmt":"2021-10-18T18:18:02","guid":{"rendered":"https:\/\/linitiative.ca\/International\/vaccins-anti-covid-le-senegal-receptionne-de-nouvelles-doses\/"},"modified":"2021-10-18T14:18:02","modified_gmt":"2021-10-18T18:18:02","slug":"vaccins-anti-covid-le-senegal-receptionne-de-nouvelles-doses","status":"publish","type":"post","link":"https:\/\/linitiative.ca\/International\/vaccins-anti-covid-le-senegal-receptionne-de-nouvelles-doses\/","title":{"rendered":"Vaccins anti-Covid: le S\u00e9n\u00e9gal r\u00e9ceptionne de nouvelles doses"},"content":{"rendered":"<div>\n<p><img loading=\"lazy\" decoding=\"async\" width=\"275\" height=\"183\" src=\"https:\/\/linitiative.ca\/International\/wp-content\/uploads\/sites\/23\/2021\/10\/16345810824825.jpg\" class=\"attachment-post-thumbnail size-post-thumbnail wp-post-image\" alt=\"\"><\/p>\n<p>Le Portugal vient d&rsquo;offrir au pays de la Teranga pr\u00e8s de trois cent mille doses additionnelles de vaccins contre la pand\u00e9mie du nouveau coronavirus.La coop\u00e9ration entre Dakar et Lisbonne se renforce. Le Portugal vient en effet d&rsquo;octroyer au S\u00e9n\u00e9gal, par le biais du m\u00e9canisme Covax, 298.700 doses de vaccins AstraZeneca. Le liquide pr\u00e9cieux a \u00e9t\u00e9 r\u00e9ceptionn\u00e9 au d\u00e9p\u00f4t du Programme \u00e9largi de vaccination (PEV) \u00e0 Dakar, en pr\u00e9sence du ministre de la Sant\u00e9 et de l&rsquo;Action sociale, Abdoulaye Diouf Sarr et du Secr\u00e9taire d&rsquo;\u00c9tat aux Affaires \u00e9trang\u00e8res et \u00e0 la Coop\u00e9ration du Portugal, Francisco Andr\u00e9, et des partenaires de Covax, telles que l&rsquo;OMS et l&rsquo;UNICEF.<\/p>\n<p>Ces nouvelles doses de vaccins arrivent au moment o\u00f9 plusieurs c\u00e9l\u00e9brit\u00e9s et des influenceurs africains ont sign\u00e9 et partag\u00e9 une lettre ouverte appelant les dirigeants des pays riches \u00e0 honorer leurs promesses de fournir des doses d&rsquo;urgence pour le continent noir.<\/p>\n<p>Le Portugal rejoint ainsi la liste des pays qui soutiennent l&rsquo;acc\u00e8s \u00e9quitable aux vaccins en mobilisant des doses additionnelles pour le S\u00e9n\u00e9gal.<\/p>\n<p>\u00ab Le S\u00e9n\u00e9gal est le premier pays, au-del\u00e0 des partenaires traditionnels de la coop\u00e9ration Portugaise, \u00e0 recevoir des vaccins du Portugal. Cette livraison de 298.700 doses du vaccin AstraZeneca, dans le cadre de l&rsquo;initiative Covax, permettra au S\u00e9n\u00e9gal d&rsquo;avancer sur le processus de vaccination. Il refl\u00e8te les liens tr\u00e8s forts entre nos deux peuples \u00bb, a d\u00e9clar\u00e9 M. Francisco Andr\u00e9 lors de la c\u00e9r\u00e9monie de r\u00e9ception.<\/p>\n<p>La facilit\u00e9 Covax est un m\u00e9canisme de solidarit\u00e9 internationale mis en place au profit des pays \u00e0 revenu faible et interm\u00e9diaire afin de leur assurer un acc\u00e8s \u00e9quitable aux vaccins pour lutter contre la pand\u00e9mie de la Covid-19. A travers ce m\u00e9canisme, le S\u00e9n\u00e9gal a d\u00e9j\u00e0 re\u00e7u plusieurs lots de vaccins des \u00c9tats-Unis, de la France, de la Chine, du Royaume-Uni, de la Belgique et maintenant du Portugal.<\/p>\n<p>Cette nouvelle livraison de doses renforcera la disponibilit\u00e9 des vaccins dans le pays et permettra en cons\u00e9quence d&rsquo;intensifier les efforts actuels de vaccination. A la date du 17 octobre 2021, quelque 1.279.885 personnes ont \u00e9t\u00e9 vaccin\u00e9es au S\u00e9n\u00e9gal.<\/p>\n<p>\u00ab Les vaccins nous permettent de nous rassembler, c\u00f4te \u00e0 c\u00f4te \u2013 dans les \u00e9coles, les communaut\u00e9s et les lieux de culte. Ils sont le meilleur espoir que nous ayons pour mettre fin \u00e0 la pand\u00e9mie de Covid-19 \u00bb a pour sa part soutenu le Repr\u00e9sentant Adjoint de l&rsquo;UNICEF au S\u00e9n\u00e9gal Georges Gonzales.<\/p>\n<p>En tant que partenaire cl\u00e9 de Covax, l&rsquo;UNICEF dirige l&rsquo;achat et la livraison des vaccins, ainsi que la pr\u00e9paration des pays \u00e0 recevoir les vaccins et endiguer la pand\u00e9mie.<\/p>\n<p>L&rsquo;agence onusienne travaille ainsi avec le Gouvernement pour renforcer et pr\u00e9parer les cha\u00eenes d&rsquo;approvisionnement dans le pays, former les agents de sant\u00e9 et renforcer la confiance dans les vaccins en s&rsquo;engageant avec les communaut\u00e9s et lutter contre la d\u00e9sinformation et d&rsquo;autres obstacles.<\/p>\n<p>Cet article <a rel=\"nofollow\" href=\"https:\/\/www.journalducameroun.com\/vaccins-anti-covid-le-senegal-receptionne-de-nouvelles-doses\/\">Vaccins anti-Covid: le S\u00e9n\u00e9gal r\u00e9ceptionne de nouvelles doses<\/a> est apparu en premier sur <a rel=\"nofollow\" href=\"https:\/\/www.journalducameroun.com\/\">Journal du Cameroun<\/a>.<\/p>\n<\/div>\n<p>Auteur: APA News<br \/>\n<a href=\"https:\/\/www.journalducameroun.com\/vaccins-anti-covid-le-senegal-receptionne-de-nouvelles-doses\/\">Cliquez ici pour lire l&rsquo;article depuis sa source.<\/a><\/p>\n","protected":false},"excerpt":{"rendered":"<p>Le Portugal vient d&rsquo;offrir au pays de la Teranga pr\u00e8s de trois cent mille doses additionnelles de vaccins contre la pand\u00e9mie du nouveau coronavirus.La coop\u00e9ration entre Dakar et Lisbonne se renforce. Le Portugal vient en effet d&rsquo;octroyer au S\u00e9n\u00e9gal, par le biais du m\u00e9canisme Covax, 298.700 doses de vaccins AstraZeneca. Le liquide pr\u00e9cieux a \u00e9t\u00e9 [&hellip;]<\/p>\n","protected":false},"author":1965,"featured_media":0,"comment_status":"closed","ping_status":"closed","sticky":false,"template":"","format":"standard","meta":{"fifu_image_url":"https:\/\/www.journalducameroun.com\/wp-content\/uploads\/2021\/10\/16345810824825.jpg","fifu_image_alt":"Vaccins anti-Covid: le S\u00e9n\u00e9gal r\u00e9ceptionne de nouvelles doses","footnotes":""},"categories":[73,82],"tags":[],"class_list":["post-130353","post","type-post","status-publish","format-standard","hentry","category-actualite","category-cameroun"],"_links":{"self":[{"href":"https:\/\/linitiative.ca\/International\/wp-json\/wp\/v2\/posts\/130353","targetHints":{"allow":["GET"]}}],"collection":[{"href":"https:\/\/linitiative.ca\/International\/wp-json\/wp\/v2\/posts"}],"about":[{"href":"https:\/\/linitiative.ca\/International\/wp-json\/wp\/v2\/types\/post"}],"author":[{"embeddable":true,"href":"https:\/\/linitiative.ca\/International\/wp-json\/wp\/v2\/users\/1965"}],"replies":[{"embeddable":true,"href":"https:\/\/linitiative.ca\/International\/wp-json\/wp\/v2\/comments?post=130353"}],"version-history":[{"count":0,"href":"https:\/\/linitiative.ca\/International\/wp-json\/wp\/v2\/posts\/130353\/revisions"}],"wp:attachment":[{"href":"https:\/\/linitiative.ca\/International\/wp-json\/wp\/v2\/media?parent=130353"}],"wp:term":[{"taxonomy":"category","embeddable":true,"href":"https:\/\/linitiative.ca\/International\/wp-json\/wp\/v2\/categories?post=130353"},{"taxonomy":"post_tag","embeddable":true,"href":"https:\/\/linitiative.ca\/International\/wp-json\/wp\/v2\/tags?post=130353"}],"curies":[{"name":"wp","href":"https:\/\/api.w.org\/{rel}","templated":true}]}}