{"id":130355,"date":"2021-10-18T15:18:02","date_gmt":"2021-10-18T19:18:02","guid":{"rendered":"https:\/\/linitiative.ca\/International\/maroc-le-pass-vaccinal-obligatoire-des-jeudi\/"},"modified":"2021-10-18T15:18:02","modified_gmt":"2021-10-18T19:18:02","slug":"maroc-le-pass-vaccinal-obligatoire-des-jeudi","status":"publish","type":"post","link":"https:\/\/linitiative.ca\/International\/maroc-le-pass-vaccinal-obligatoire-des-jeudi\/","title":{"rendered":"Maroc : Le pass vaccinal obligatoire d\u00e8s jeudi"},"content":{"rendered":"<div>\n<p><img loading=\"lazy\" decoding=\"async\" width=\"780\" height=\"468\" src=\"https:\/\/linitiative.ca\/International\/wp-content\/uploads\/sites\/23\/2021\/10\/16345846829295.jpg\" class=\"attachment-post-thumbnail size-post-thumbnail wp-post-image\" alt=\"\" srcset=\"https:\/\/linitiative.ca\/International\/wp-content\/uploads\/sites\/23\/2021\/10\/16345846829295.jpg 780w, https:\/\/www.journalducameroun.com\/wp-content\/uploads\/2021\/10\/16345846829295-300x180.jpg 300w, https:\/\/www.journalducameroun.com\/wp-content\/uploads\/2021\/10\/16345846829295-768x461.jpg 768w, https:\/\/www.journalducameroun.com\/wp-content\/uploads\/2021\/10\/16345846829295-733x440.jpg 733w, https:\/\/www.journalducameroun.com\/wp-content\/uploads\/2021\/10\/16345846829295-600x360.jpg 600w\" sizes=\"auto, (max-width: 780px) 100vw, 780px\"><\/p>\n<p>Le gouvernement a d\u00e9cid\u00e9 d&rsquo;adopter, \u00e0 partir de jeudi prochain, une nouvelle approche pr\u00e9ventive bas\u00e9e sur le \u00ab\u00a0pass vaccinal\u00a0\u00bb en tant que document agr\u00e9\u00e9 par les autorit\u00e9s sanitaires et ce, conform\u00e9ment aux dispositions juridiques relatives \u00e0 la gestion de l&rsquo;\u00e9tat d&rsquo;urgence sanitaire.\u00a0\u00bbDans le cadre du renforcement du d\u00e9veloppement positif que conna\u00eet la campagne nationale de vaccination, tout en prenant en consid\u00e9ration la baisse progressive du nombre d&rsquo;infections par le coronavirus gr\u00e2ce aux mesures prises par les autorit\u00e9s publiques, et conform\u00e9ment aux recommandations du comit\u00e9 scientifique et technique, le gouvernement a d\u00e9cid\u00e9 d&rsquo;adopter, \u00e0 partir du jeudi 21 octobre, une nouvelle approche pr\u00e9ventive, bas\u00e9e sur le pass vaccinal, en tant que document agr\u00e9\u00e9 par les autorit\u00e9s sanitaires et ce \u00e0 travers une s\u00e9rie de mesures\u00a0\u00bb, indique un communiqu\u00e9 du gouvernement.<\/p>\n<p>Ces mesures, pr\u00e9cise-t-il, concernent l&rsquo;autorisation des personnes \u00e0 se d\u00e9placer entre les pr\u00e9fectures et les provinces, \u00e0 travers les moyens de transport priv\u00e9s ou publics, \u00e0 condition de pr\u00e9senter exclusivement le \u00ab\u00a0pass vaccinal\u00a0\u00bb, l&rsquo;adoption de ce \u00ab\u00a0pass\u00a0\u00bb comme document de voyage \u00e0 l&rsquo;\u00e9tranger et l&rsquo;annulation de l&rsquo;autorisation de d\u00e9placement d\u00e9livr\u00e9e par les autorit\u00e9s locales comp\u00e9tentes.<\/p>\n<p>Les fonctionnaires, les employ\u00e9s et les usagers des administrations sont \u00e9galement tenus de fournir le \u00ab\u00a0pass vaccinal\u00a0\u00bb pour acc\u00e9der aux administrations publiques, semi-publiques et priv\u00e9es, ajoute la m\u00eame source, indiquant qu&rsquo;il est n\u00e9cessaire de pr\u00e9senter ce \u00ab\u00a0pass\u00a0\u00bb pour acc\u00e9der aussi aux \u00e9tablissements h\u00f4teliers et touristiques, aux restaurants, aux caf\u00e9s, aux espaces ferm\u00e9s, aux commerces, aux salles de sport et hammams.<\/p>\n<p>Tous les responsables des secteurs public et priv\u00e9 se doivent de veiller \u00e0 l&rsquo;application saine de toutes ces mesures, sous leur responsabilit\u00e9 juridique directe, poursuit le communiqu\u00e9.<\/p>\n<p>Rappelant que les autres mesures pr\u00e9ventives d\u00e9j\u00e0 instaur\u00e9es restent en vigueur, le gouvernement appelle les non-vaccin\u00e9s \u00e0 recevoir leur deux doses de vaccin dans les plus brefs d\u00e9lais et les personnes vaccin\u00e9es depuis plus de six mois \u00e0 prendre la troisi\u00e8me dose en vue de renforcer leur immunit\u00e9.<\/p>\n<p>\u00c0 ce propos, les citoyens et citoyennes ayant re\u00e7u les deux doses du vaccin doivent t\u00e9l\u00e9charger le \u00ab\u00a0pass vaccinal\u00a0\u00bb sur le site web d\u00e9di\u00e9 \u00e0 la campagne nationale de vaccination contre la Covid-19 sur le lien \u00ab\u00a0www.liqahcorona.ma\u00a0\u00bb.<\/p>\n<p>Ils peuvent \u00e9galement le demander au niveau des annexes administratives proches de leur lieu de r\u00e9sidence au cas o\u00f9 ils ne parviennent pas \u00e0 le t\u00e9l\u00e9charger dudit site, conclut la m\u00eame source.<\/p>\n<p>Cet article <a rel=\"nofollow\" href=\"https:\/\/www.journalducameroun.com\/maroc-le-pass-vaccinal-obligatoire-des-jeudi\/\">Maroc : Le pass vaccinal obligatoire d\u00e8s jeudi<\/a> est apparu en premier sur <a rel=\"nofollow\" href=\"https:\/\/www.journalducameroun.com\/\">Journal du Cameroun<\/a>.<\/p>\n<\/div>\n<p>Auteur: APA News<br \/>\n<a href=\"https:\/\/www.journalducameroun.com\/maroc-le-pass-vaccinal-obligatoire-des-jeudi\/\">Cliquez ici pour lire l&rsquo;article depuis sa source.<\/a><\/p>\n","protected":false},"excerpt":{"rendered":"<p>Le gouvernement a d\u00e9cid\u00e9 d&rsquo;adopter, \u00e0 partir de jeudi prochain, une nouvelle approche pr\u00e9ventive bas\u00e9e sur le \u00ab\u00a0pass vaccinal\u00a0\u00bb en tant que document agr\u00e9\u00e9 par les autorit\u00e9s sanitaires et ce, conform\u00e9ment aux dispositions juridiques relatives \u00e0 la gestion de l&rsquo;\u00e9tat d&rsquo;urgence sanitaire.\u00a0\u00bbDans le cadre du renforcement du d\u00e9veloppement positif que conna\u00eet la campagne nationale de [&hellip;]<\/p>\n","protected":false},"author":1965,"featured_media":0,"comment_status":"closed","ping_status":"closed","sticky":false,"template":"","format":"standard","meta":{"fifu_image_url":"https:\/\/www.journalducameroun.com\/wp-content\/uploads\/2021\/10\/16345846829295.jpg","fifu_image_alt":"Maroc : Le pass vaccinal obligatoire d\u00e8s jeudi","footnotes":""},"categories":[73,82],"tags":[],"class_list":["post-130355","post","type-post","status-publish","format-standard","hentry","category-actualite","category-cameroun"],"_links":{"self":[{"href":"https:\/\/linitiative.ca\/International\/wp-json\/wp\/v2\/posts\/130355","targetHints":{"allow":["GET"]}}],"collection":[{"href":"https:\/\/linitiative.ca\/International\/wp-json\/wp\/v2\/posts"}],"about":[{"href":"https:\/\/linitiative.ca\/International\/wp-json\/wp\/v2\/types\/post"}],"author":[{"embeddable":true,"href":"https:\/\/linitiative.ca\/International\/wp-json\/wp\/v2\/users\/1965"}],"replies":[{"embeddable":true,"href":"https:\/\/linitiative.ca\/International\/wp-json\/wp\/v2\/comments?post=130355"}],"version-history":[{"count":0,"href":"https:\/\/linitiative.ca\/International\/wp-json\/wp\/v2\/posts\/130355\/revisions"}],"wp:attachment":[{"href":"https:\/\/linitiative.ca\/International\/wp-json\/wp\/v2\/media?parent=130355"}],"wp:term":[{"taxonomy":"category","embeddable":true,"href":"https:\/\/linitiative.ca\/International\/wp-json\/wp\/v2\/categories?post=130355"},{"taxonomy":"post_tag","embeddable":true,"href":"https:\/\/linitiative.ca\/International\/wp-json\/wp\/v2\/tags?post=130355"}],"curies":[{"name":"wp","href":"https:\/\/api.w.org\/{rel}","templated":true}]}}