{"id":130357,"date":"2021-10-18T07:06:14","date_gmt":"2021-10-18T11:06:14","guid":{"rendered":"https:\/\/linitiative.ca\/International\/controle-de-la-fibre-optique-la-nouvelle-offensive-du-groupe-orange-au-cameroun\/"},"modified":"2021-10-18T07:06:14","modified_gmt":"2021-10-18T11:06:14","slug":"controle-de-la-fibre-optique-la-nouvelle-offensive-du-groupe-orange-au-cameroun","status":"publish","type":"post","link":"https:\/\/linitiative.ca\/International\/controle-de-la-fibre-optique-la-nouvelle-offensive-du-groupe-orange-au-cameroun\/","title":{"rendered":"Contr\u00f4le de la fibre optique : la nouvelle offensive du groupe Orange au Cameroun"},"content":{"rendered":"<div>\n<p>Le pr\u00e9sident directeur g\u00e9n\u00e9ral d\u2019Orange Group a s\u00e9journ\u00e9 au Cameroun la semaine derni\u00e8re, entre les 13 et 15 octobre 2021, pour une s\u00e9rie d\u2019activit\u00e9s avec la filiale camerounaise de l\u2019op\u00e9rateur de t\u00e9l\u00e9phonie mobile fran\u00e7ais. Cette visite a consacr\u00e9 l\u2019inauguration vendredi dernier \u00e0 Douala, du Orange Digital Center, un espace qui va favoriser la transformation digitale \u00e0 travers l\u2019arrimage des populations aux m\u00e9tiers du num\u00e9rique. C\u2019est du moins ce qui \u00e9tait officiellement consign\u00e9 dans le programme de sa visite par les services de Communication d\u2019Orange Cameroun. Mais \u00e0 la v\u00e9rit\u00e9, il s\u2019agissait de bien plus que l\u2019inauguration de cet espace innovant qui constituait juste un \u00e9cran de fum\u00e9e sur les v\u00e9ritables raisons de la venue de St\u00e9phane Richard au Cameroun.<\/p>\n<p><strong>Lire aussi<\/strong> : <strong><a href=\"https:\/\/ecomatin.net\/qui-sont-elizabeth-tchoungui-et-elizabeth-h-medou-badang-g-les-deux-camerounaises-de-la-delegation-du-pdg-dorange-group\/\">Qui sont Elizabeth Tchoungui et Elizabeth Medou Badang, les deux camerounaises de la d\u00e9l\u00e9gation du PDG d\u2019Orange Group ?<\/a><\/strong><\/p>\n<p>Il l\u2019a d\u2019ailleurs subrepticement reconnu, en confiant \u00e0 nos confr\u00e8res de Digital Business Africa le 14 octobre dernier au sortir de sa visite \u00e0 Ongola FabLab qu\u2019abrite l\u2019Agence universitaire de la francophonie de Yaound\u00e9. Il laissait alors entendre qu\u2019il est venu au Cameroun pour \u00ab faire le point sur nos activit\u00e9s avec l\u2019ensemble de nos \u00e9quipes ici au Cameroun. Il est \u00e9galement pr\u00e9vu la rencontre des autorit\u00e9s publiques du pays dans la journ\u00e9e. L\u2019on discutera sur la situation du secteur et sur les probl\u00e9matiques propres \u00e0 Orange \u00bb. En effet, le St\u00e9phane Richard a \u00e9t\u00e9 re\u00e7u \u00e0 la pr\u00e9sidence de la R\u00e9publique dans la mi-journ\u00e9e de jeudi dernier par le Secr\u00e9taire g\u00e9n\u00e9ral de la Pr\u00e9sidence de la R\u00e9publique, Ferdinand Ngoh Ngoh, a appris EcoMatin des sources cr\u00e9dibles au palais de l\u2019Unit\u00e9.<\/p>\n<p><strong>Probl\u00e9matique de la fibre optique<\/strong><\/p>\n<p>Le pr\u00e9sident directeur g\u00e9n\u00e9ral d\u2019Orange Group \u00e9voque \u00ab la situation du secteur \u00bb, et c\u2019est un secret de polichinelle que de rappeler que les op\u00e9rateurs priv\u00e9s de t\u00e9l\u00e9phonie mobile au Cameroun partagent les m\u00eames frustrations au sujet de la gestion de la fibre optique, dont le monopole est assur\u00e9 par la Cameroon Telecommunications (Camtel). Orange Cameroun est sans doute le plus loquace sur cette probl\u00e9matique, mais il faut relever que m\u00eame si les autres op\u00e9rateurs n\u2019en parlent pas avec le m\u00eame d\u00e9cibel, il n\u2019en demeure pas moins vrai qu\u2019ils sont confront\u00e9s aux m\u00eames difficult\u00e9s. Celles des d\u00e9sagr\u00e9ments g\u00e9n\u00e9r\u00e9s par cette fibre optique mal install\u00e9e par le chinois Huawei, le partenaire technique de Camtel.<\/p>\n<p><strong>Lire aussi<\/strong> : <strong><a href=\"https:\/\/ecomatin.net\/telecommunication-stephane-richard-pdg-du-groupe-orange-e-en-visite-au-cameroun\/\">T\u00e9l\u00e9communication : St\u00e9phane Richard, PDG du groupe Orange en visite au Cameroun<\/a><\/strong><\/p>\n<p>\u00ab Le probl\u00e8me au Cameroun, contrairement \u00e0 la plupart des pays dans le monde, c\u2019est que le gouvernement a d\u00e9cid\u00e9 que seul Camtel doit avoir la fibre optique. \u00c7a cause tous les probl\u00e8mes dont nous avons aujourd\u2019hui dans l\u2019industrie, mais dont personne n\u2019ose en parler. On a par exemple en moyenne deux coupures sur la fibre optique de Camtel par jour. MTN et Orange, envoyons \u00e0 Camtel tous les mois, la liste des coupures qu\u2019on a enregistr\u00e9es sur leur r\u00e9seau, et on leur montre l\u2019impact que \u00e7a cause sur la qualit\u00e9 des services et sur plein d\u2019autres choses \u00bb, apprend-on d\u2019une source op\u00e9rant dans le secteur des t\u00e9l\u00e9communications.<\/p>\n<p><strong>Souverainet\u00e9 et s\u00e9curit\u00e9<\/strong><\/p>\n<p>En clair, les op\u00e9rateurs priv\u00e9s plaident depuis de nombreuses ann\u00e9es pour la lib\u00e9ralisation de la fibre optique, Camtel ayant l\u2019exclusivit\u00e9 de la pose et de la vente des capacit\u00e9s de la fibre optique \u00e0 ces op\u00e9rateurs. Orange Cameroun, MTN Cameroun, Nextell, les trois principales compagnies de t\u00e9l\u00e9phonie locales, veulent disposer de leur propre fibre, et assurer eux-m\u00eames le contr\u00f4le de leurs donn\u00e9es. Sauf que sur cette probl\u00e9matique, l\u2019Etat s\u2019est tr\u00e8s souvent montr\u00e9 frileux, arguant que la s\u00e9curit\u00e9 du pays se sentirait menac\u00e9e s\u2019il lib\u00e9ralise cet outil hautement strat\u00e9gique pour lui. Une position qui contribue selon les op\u00e9rateurs \u00e0 retarder terriblement le d\u00e9veloppement des t\u00e9l\u00e9communications au Cameroun. En d\u00e9pit des actions men\u00e9es jusqu\u2019ici par les compagnies pour arracher ce monopole \u00e0 Camtel, l\u2019Etat campe sur sa position. Les hautes autorit\u00e9s de la R\u00e9publique l\u2019ont d\u2019ailleurs r\u00e9it\u00e9r\u00e9 au PDG d\u2019Orange Group lors de son audience au Palais, mais en ouvrant tout de m\u00eame une petite br\u00e8che sur l\u2019\u00e9ventualit\u00e9 de la mise en place d\u2019une plateforme regroupant les op\u00e9rateurs essentiels du secteur des t\u00e9l\u00e9communications au Cameroun, pour discuter de cette probl\u00e9matique lancinante.<\/p>\n<p><strong>Lire aussi <\/strong>: <strong><a href=\"https:\/\/ecomatin.net\/telephonie-mobile-les-defis-s-du-nouveau-dg-dorange-cameroun\/\">T\u00e9l\u00e9phonie mobile : Les d\u00e9fis du nouveau DG d\u2019Orange Cameroun<\/a><\/strong><\/p>\n<p>En son temps, l\u2019ancien ministre des Postes et T\u00e9l\u00e9communications, Bello Bouba Ma\u00efgari, croyait pouvoir trouver une solution \u00e0 ce probl\u00e8me en d\u00e9cidant de la cr\u00e9ation en 2009 de Sitelcam. Cette entreprise contr\u00f4l\u00e9e par l\u2019Etat devait alors d\u00e9velopper la fibre optique tout en permettant \u00e0 tous les acteurs du secteur de prendre des participations dans son capital. \u00ab Sitelcam donnera \u00e0 l\u2019Etat le moyen de contr\u00f4ler les communications internationales et donc de mieux assurer sa s\u00e9curit\u00e9 et sa souverainet\u00e9, ce qui est observ\u00e9 par ailleurs dans les pays aussi lib\u00e9raux que les Etats-Unis \u00bb, r\u00eavait Bello Bouba Ma\u00efgari. Ce projet est mort-n\u00e9 et on n\u2019en n\u2019a plus jamais parl\u00e9.<\/p>\n<p>L\u2019article <a rel=\"nofollow\" href=\"https:\/\/ecomatin.net\/control-de-la-fibre-offensive-du-groupe-e-orange-pour-la-liberation-de-la-fibre-optique\/\">Contr\u00f4le de la fibre optique : la nouvelle offensive du groupe Orange au Cameroun<\/a> est apparu en premier sur <a rel=\"nofollow\" href=\"https:\/\/ecomatin.net\/\">EcoMatin<\/a>.<\/p>\n<\/div>\n<p>Auteur: Yannick KENNE<br \/>\n<a href=\"https:\/\/ecomatin.net\/control-de-la-fibre-offensive-du-groupe-e-orange-pour-la-liberation-de-la-fibre-optique\/\">Cliquez ici pour lire l&rsquo;article depuis sa source.<\/a><\/p>\n","protected":false},"excerpt":{"rendered":"<p>Le pr\u00e9sident directeur g\u00e9n\u00e9ral d\u2019Orange Group a s\u00e9journ\u00e9 au Cameroun la semaine derni\u00e8re, entre les 13 et 15 octobre 2021, pour une s\u00e9rie d\u2019activit\u00e9s avec la filiale camerounaise de l\u2019op\u00e9rateur de t\u00e9l\u00e9phonie mobile fran\u00e7ais. Cette visite a consacr\u00e9 l\u2019inauguration vendredi dernier \u00e0 Douala, du Orange Digital Center, un espace qui va favoriser la transformation digitale [&hellip;]<\/p>\n","protected":false},"author":1969,"featured_media":0,"comment_status":"closed","ping_status":"closed","sticky":false,"template":"","format":"standard","meta":{"fifu_image_url":"","fifu_image_alt":"","footnotes":""},"categories":[82,78],"tags":[],"class_list":["post-130357","post","type-post","status-publish","format-standard","hentry","category-cameroun","category-economie"],"_links":{"self":[{"href":"https:\/\/linitiative.ca\/International\/wp-json\/wp\/v2\/posts\/130357","targetHints":{"allow":["GET"]}}],"collection":[{"href":"https:\/\/linitiative.ca\/International\/wp-json\/wp\/v2\/posts"}],"about":[{"href":"https:\/\/linitiative.ca\/International\/wp-json\/wp\/v2\/types\/post"}],"author":[{"embeddable":true,"href":"https:\/\/linitiative.ca\/International\/wp-json\/wp\/v2\/users\/1969"}],"replies":[{"embeddable":true,"href":"https:\/\/linitiative.ca\/International\/wp-json\/wp\/v2\/comments?post=130357"}],"version-history":[{"count":0,"href":"https:\/\/linitiative.ca\/International\/wp-json\/wp\/v2\/posts\/130357\/revisions"}],"wp:attachment":[{"href":"https:\/\/linitiative.ca\/International\/wp-json\/wp\/v2\/media?parent=130357"}],"wp:term":[{"taxonomy":"category","embeddable":true,"href":"https:\/\/linitiative.ca\/International\/wp-json\/wp\/v2\/categories?post=130357"},{"taxonomy":"post_tag","embeddable":true,"href":"https:\/\/linitiative.ca\/International\/wp-json\/wp\/v2\/tags?post=130357"}],"curies":[{"name":"wp","href":"https:\/\/api.w.org\/{rel}","templated":true}]}}