{"id":130358,"date":"2021-10-18T08:14:22","date_gmt":"2021-10-18T12:14:22","guid":{"rendered":"https:\/\/linitiative.ca\/International\/planification-la-snd-30-peut-elle-ressusciter-le-conseil-economique-et-social\/"},"modified":"2021-10-18T08:14:22","modified_gmt":"2021-10-18T12:14:22","slug":"planification-la-snd-30-peut-elle-ressusciter-le-conseil-economique-et-social","status":"publish","type":"post","link":"https:\/\/linitiative.ca\/International\/planification-la-snd-30-peut-elle-ressusciter-le-conseil-economique-et-social\/","title":{"rendered":"Planification : la SND 30 peut-elle ressusciter le Conseil \u00e9conomique et social ?"},"content":{"rendered":"<div>\n<p>Dans un mois, les s\u00e9nateurs vont reprendre du service dans le cadre de la session parlementaire de novembre 2021. D\u00e9sormais, la chambre haute du parlement si\u00e8gera dans un nouveau si\u00e8ge, l\u2019immeuble flambant neuf du Conseil \u00e9conomique et social (CES). En attendant l\u2019inauguration officielle de cet \u00e9difice qui a co\u00fbt\u00e9 plus de 44 milliards de FCFA au contribuable, l\u2019am\u00e9nagement du S\u00e9nat va, \u00e0 coup s\u00fbr, mettre le Conseil \u00e9conomique et social (CES) sous les feux des projecteurs.\u00a0Peut-\u00eatre le signe d\u2019un regain de vitalit\u00e9\u2026<\/p>\n<p><strong>Lire aussi<\/strong> : <strong><a href=\"https:\/\/ecomatin.net\/le-conseil-economique-et-social-veut-sortir-r-de-sa-lethargie\/\">Le Conseil \u00e9conomique et social veut sortir de sa l\u00e9thargie<\/a><\/strong><\/p>\n<p>Jusqu\u2019\u00e0 pr\u00e9sent, le citoyen Lambda n\u2019entend parler du Conseil \u00e9conomique et social qu\u2019\u00e0 travers son pr\u00e9sident, Luc Ayang, quatri\u00e8me personnalit\u00e9 de l\u2019Etat, souvent appel\u00e9 \u00e0 repr\u00e9senter le chef de l\u2019Etat \u00e0 un \u00e9v\u00e9nement ou encore lorsqu\u2019il participe \u00e0 une activit\u00e9 officielle. On se souvient ainsi que le Premier ministre l\u2019a re\u00e7u courant septembre 2019.\u00a0Rien n\u2019a filtr\u00e9 de leurs \u00e9changes.<\/p>\n<p>Cr\u00e9\u00e9 par la constitution, le CES est une assembl\u00e9e consultative qui a pour mission de conseiller le pouvoir ex\u00e9cutif en mati\u00e8re \u00e9conomique, sociale, culturelle et environnementale. Il s\u2019agit donc d\u2019une institution centrale dans la d\u00e9finition et le suivi de la politique de d\u00e9veloppement du Cameroun. Mais avec l\u2019abandon des plans quinquennaux et la mise en \u0153uvre des plans d\u2019ajustement structurel, le Conseil \u00e9conomique et social n\u2019a plus \u00e9t\u00e9 saisi depuis 1986. L\u2019institution a \u00e9t\u00e9 r\u00e9organis\u00e9e le 12 juillet 2017, laissant penser \u00e0 une remise en scelles. Avec le retour \u00e0 la planification du d\u00e9veloppement \u00e0 long terme, les dirigeants du Conseil \u00e9conomique et social pensent que l\u2019hibernation tire \u00e0 sa fin et esp\u00e8rent reprendre du service bient\u00f4t.<\/p>\n<p><strong>Lire aussi<\/strong> : <strong><a href=\"https:\/\/ecomatin.net\/planification-les-hypotheques-qui-menacent-le-succes-de-la-snd30\/\">Planification : les hypoth\u00e8ques qui menacent le succ\u00e8s de la SND30<\/a><\/strong><\/p>\n<p>Lors de son discours d\u2019investiture, 06 novembre 2018, le Pr\u00e9sident de la R\u00e9publique, Paul BIYA, a d\u00e9clar\u00e9 que : \u201cl\u2019objectif de l\u2019\u00e9mergence doit \u00eatre \u00e9rig\u00e9 en grande cause nationale qui mobilise l\u2019ensemble de nos concitoyens afin de faire du Cameroun un pays moderne et socialement avanc\u00e9.\u201d Le CES entend bien saisir la balle au rebond.<\/p>\n<p>L\u2019adoption de la Strat\u00e9gie nationale de d\u00e9veloppement 2020-2030 (SND30) appara\u00eet ainsi comme une opportunit\u00e9. Dans les couloirs du Conseil, l\u2019on indique que le succ\u00e8s de la d\u00e9centralisation avec la mise en place des r\u00e9gions d\u00e9pendra de la diligence de la remont\u00e9e des informations vers le pouvoir central pour apporter les corrections n\u00e9cessaires. Actuellement, le CES m\u00e8ne diverses \u00e9tudes. Comme quoi la volont\u00e9 y est m\u00eame si le budget du CES est rest\u00e9 stable depuis des ann\u00e9es, sinon en diminution. Une mani\u00e8re polie de d\u00e9noncer la modicit\u00e9 des cr\u00e9dits allou\u00e9s pour l\u2019accomplissement des missions confi\u00e9es \u00e0 l\u2019institution.<\/p>\n<p><strong>Lire aussi<\/strong> : <strong><a href=\"https:\/\/ecomatin.net\/snd30-les-premiers-rendez-vous-manques\/\">SND30 : les premiers rendez-vous manqu\u00e9s<\/a><\/strong><\/p>\n<p>L\u2019article <a rel=\"nofollow\" href=\"https:\/\/ecomatin.net\/planification-la-snd-30-peut-elle-ressusciter-r-le-conseil-economique-et-social\/\">Planification : la SND 30 peut-elle ressusciter le Conseil \u00e9conomique et social ?<\/a> est apparu en premier sur <a rel=\"nofollow\" href=\"https:\/\/ecomatin.net\/\">EcoMatin<\/a>.<\/p>\n<\/div>\n<p>Auteur: Philipe NSOA<br \/>\n<a href=\"https:\/\/ecomatin.net\/planification-la-snd-30-peut-elle-ressusciter-r-le-conseil-economique-et-social\/\">Cliquez ici pour lire l&rsquo;article depuis sa source.<\/a><\/p>\n","protected":false},"excerpt":{"rendered":"<p>Dans un mois, les s\u00e9nateurs vont reprendre du service dans le cadre de la session parlementaire de novembre 2021. D\u00e9sormais, la chambre haute du parlement si\u00e8gera dans un nouveau si\u00e8ge, l\u2019immeuble flambant neuf du Conseil \u00e9conomique et social (CES). En attendant l\u2019inauguration officielle de cet \u00e9difice qui a co\u00fbt\u00e9 plus de 44 milliards de FCFA [&hellip;]<\/p>\n","protected":false},"author":1969,"featured_media":0,"comment_status":"closed","ping_status":"closed","sticky":false,"template":"","format":"standard","meta":{"fifu_image_url":"","fifu_image_alt":"","footnotes":""},"categories":[82,78],"tags":[],"class_list":["post-130358","post","type-post","status-publish","format-standard","hentry","category-cameroun","category-economie"],"_links":{"self":[{"href":"https:\/\/linitiative.ca\/International\/wp-json\/wp\/v2\/posts\/130358","targetHints":{"allow":["GET"]}}],"collection":[{"href":"https:\/\/linitiative.ca\/International\/wp-json\/wp\/v2\/posts"}],"about":[{"href":"https:\/\/linitiative.ca\/International\/wp-json\/wp\/v2\/types\/post"}],"author":[{"embeddable":true,"href":"https:\/\/linitiative.ca\/International\/wp-json\/wp\/v2\/users\/1969"}],"replies":[{"embeddable":true,"href":"https:\/\/linitiative.ca\/International\/wp-json\/wp\/v2\/comments?post=130358"}],"version-history":[{"count":0,"href":"https:\/\/linitiative.ca\/International\/wp-json\/wp\/v2\/posts\/130358\/revisions"}],"wp:attachment":[{"href":"https:\/\/linitiative.ca\/International\/wp-json\/wp\/v2\/media?parent=130358"}],"wp:term":[{"taxonomy":"category","embeddable":true,"href":"https:\/\/linitiative.ca\/International\/wp-json\/wp\/v2\/categories?post=130358"},{"taxonomy":"post_tag","embeddable":true,"href":"https:\/\/linitiative.ca\/International\/wp-json\/wp\/v2\/tags?post=130358"}],"curies":[{"name":"wp","href":"https:\/\/api.w.org\/{rel}","templated":true}]}}