{"id":130367,"date":"2021-10-19T10:08:55","date_gmt":"2021-10-19T14:08:55","guid":{"rendered":"https:\/\/linitiative.ca\/International\/le-conseil-communal-de-casablanca-appelle-a-des-mesures-anticipatives-en-prevision-de-la-saison-pluviale\/"},"modified":"2021-10-19T10:08:55","modified_gmt":"2021-10-19T14:08:55","slug":"le-conseil-communal-de-casablanca-appelle-a-des-mesures-anticipatives-en-prevision-de-la-saison-pluviale","status":"publish","type":"post","link":"https:\/\/linitiative.ca\/International\/le-conseil-communal-de-casablanca-appelle-a-des-mesures-anticipatives-en-prevision-de-la-saison-pluviale\/","title":{"rendered":"Le Conseil communal de Casablanca appelle \u00e0 des mesures anticipatives en pr\u00e9vision de la saison pluviale"},"content":{"rendered":"<div>\n<p><img loading=\"lazy\" decoding=\"async\" width=\"300\" height=\"153\" src=\"https:\/\/linitiative.ca\/International\/wp-content\/uploads\/sites\/23\/2021\/10\/Le-Conseil-communal-de-Casablanca-appelle-a-des-mesures-anticipatives-en-prevision-de-la-saison-pluviale-300x153-1.jpg\" class=\"attachment-medium size-medium wp-post-image\" alt=\"\" srcset=\"https:\/\/linitiative.ca\/International\/wp-content\/uploads\/sites\/23\/2021\/10\/Le-Conseil-communal-de-Casablanca-appelle-a-des-mesures-anticipatives-en-prevision-de-la-saison-pluviale-300x153-1.jpg 300w, https:\/\/aujourdhui.ma\/wp-content\/uploads\/2021\/10\/Le-Conseil-communal-de-Casablanca-appelle-a-des-mesures-anticipatives-en-prevision-de-la-saison-pluviale-274x140.jpg 274w, https:\/\/aujourdhui.ma\/wp-content\/uploads\/2021\/10\/Le-Conseil-communal-de-Casablanca-appelle-a-des-mesures-anticipatives-en-prevision-de-la-saison-pluviale.jpg 746w, https:\/\/aujourdhui.ma\/wp-content\/uploads\/2021\/10\/Le-Conseil-communal-de-Casablanca-appelle-a-des-mesures-anticipatives-en-prevision-de-la-saison-pluviale-165x84.jpg 165w, https:\/\/aujourdhui.ma\/wp-content\/uploads\/2021\/10\/Le-Conseil-communal-de-Casablanca-appelle-a-des-mesures-anticipatives-en-prevision-de-la-saison-pluviale-702x358.jpg 702w\" sizes=\"auto, (max-width: 300px) 100vw, 300px\"><\/p>\n<p><span style=\"color: #800000;\"><strong>Le Conseil communal de Casablanca a appel\u00e9 \u00e0 l\u2019\u00e9laboration d\u2019un programme pr\u00e9cis sur les mesures anticipatives \u00e0 prendre en pr\u00e9vision de la saison pluviale, \u00e0 l\u2019occasion d\u2019une r\u00e9union du bureau du Conseil.<\/strong><\/span><span id=\"more-389397\"><\/span><\/p>\n<p>Cette r\u00e9union, tenue lundi sous la pr\u00e9sidence de la Maire de Casablanca, Nabila Rmili, et en pr\u00e9sence de l\u2019ensemble des membres du bureau, a \u00e9t\u00e9 consacr\u00e9e \u00e0 l\u2019examen des mesures anticipatives devant \u00eatre prises par la soci\u00e9t\u00e9 Lydec en pr\u00e9vision de la prochaine saison pluviale.<\/p>\n<p>Ainsi, le pr\u00e9sident du Comit\u00e9 permanent de suivi (CPS) a fait un expos\u00e9 sur cette question, suivi d\u2019un long d\u00e9bat par les membres du bureau sur le sujet.<\/p>\n<p>A cet \u00e9gard, la pr\u00e9sidente du Conseil a appel\u00e9 \u00e0 la pr\u00e9paration d\u2019un programme pr\u00e9cis pour les interventions et mesures proactives \u00e0 prendre par la soci\u00e9t\u00e9 Lydec au niveau de tous les arrondissements et notamment celles li\u00e9es aux points noirs touch\u00e9s par les inondations.<\/p>\n<p>Par la suite, le bureau a proc\u00e9d\u00e9 \u00e0 la pr\u00e9-finalisation du projet de r\u00e8glement int\u00e9rieur du Conseil de la commune de Casablanca avant sa pr\u00e9sentation pour approbation en s\u00e9ance pl\u00e9ni\u00e8re, pr\u00e9vue jeudi 21 octobre 2021.<\/p>\n<\/div>\n<p>Auteur: ALM<br \/>\n<a href=\"https:\/\/aujourdhui.ma\/actualite\/le-conseil-communal-de-casablanca-appelle-a-des-mesures-anticipatives-en-prevision-de-la-saison-pluviale\">Cliquez ici pour lire l&rsquo;article depuis sa source.<\/a><\/p>\n","protected":false},"excerpt":{"rendered":"<p>Le Conseil communal de Casablanca a appel\u00e9 \u00e0 l\u2019\u00e9laboration d\u2019un programme pr\u00e9cis sur les mesures anticipatives \u00e0 prendre en pr\u00e9vision de la saison pluviale, \u00e0 l\u2019occasion d\u2019une r\u00e9union du bureau du Conseil. Cette r\u00e9union, tenue lundi sous la pr\u00e9sidence de la Maire de Casablanca, Nabila Rmili, et en pr\u00e9sence de l\u2019ensemble des membres du bureau, [&hellip;]<\/p>\n","protected":false},"author":1759,"featured_media":0,"comment_status":"closed","ping_status":"closed","sticky":false,"template":"","format":"standard","meta":{"fifu_image_url":"https:\/\/aujourdhui.ma\/wp-content\/uploads\/2021\/10\/Le-Conseil-communal-de-Casablanca-appelle-a-des-mesures-anticipatives-en-prevision-de-la-saison-pluviale-300x153.jpg","fifu_image_alt":"Le Conseil communal de Casablanca appelle \u00e0 des mesures anticipatives en pr\u00e9vision de la saison pluviale","footnotes":""},"categories":[73,54],"tags":[],"class_list":["post-130367","post","type-post","status-publish","format-standard","hentry","category-actualite","category-maroc"],"_links":{"self":[{"href":"https:\/\/linitiative.ca\/International\/wp-json\/wp\/v2\/posts\/130367","targetHints":{"allow":["GET"]}}],"collection":[{"href":"https:\/\/linitiative.ca\/International\/wp-json\/wp\/v2\/posts"}],"about":[{"href":"https:\/\/linitiative.ca\/International\/wp-json\/wp\/v2\/types\/post"}],"author":[{"embeddable":true,"href":"https:\/\/linitiative.ca\/International\/wp-json\/wp\/v2\/users\/1759"}],"replies":[{"embeddable":true,"href":"https:\/\/linitiative.ca\/International\/wp-json\/wp\/v2\/comments?post=130367"}],"version-history":[{"count":0,"href":"https:\/\/linitiative.ca\/International\/wp-json\/wp\/v2\/posts\/130367\/revisions"}],"wp:attachment":[{"href":"https:\/\/linitiative.ca\/International\/wp-json\/wp\/v2\/media?parent=130367"}],"wp:term":[{"taxonomy":"category","embeddable":true,"href":"https:\/\/linitiative.ca\/International\/wp-json\/wp\/v2\/categories?post=130367"},{"taxonomy":"post_tag","embeddable":true,"href":"https:\/\/linitiative.ca\/International\/wp-json\/wp\/v2\/tags?post=130367"}],"curies":[{"name":"wp","href":"https:\/\/api.w.org\/{rel}","templated":true}]}}