{"id":130378,"date":"2021-10-18T14:00:00","date_gmt":"2021-10-18T18:00:00","guid":{"rendered":"https:\/\/linitiative.ca\/International\/le-marche-du-cinema-et-de-la-television-africains\/"},"modified":"2021-10-18T14:00:00","modified_gmt":"2021-10-18T18:00:00","slug":"le-marche-du-cinema-et-de-la-television-africains","status":"publish","type":"post","link":"https:\/\/linitiative.ca\/International\/le-marche-du-cinema-et-de-la-television-africains\/","title":{"rendered":"Le march\u00e9 du cin\u00e9ma et de la t\u00e9l\u00e9vision africains"},"content":{"rendered":"<div>\n<p class=\"has-text-align-center has-vivid-red-color has-text-color\"><strong>2\u00e8me Mica en marge de Fespaco<\/strong><\/p>\n<p><strong>La 20-\u00e8me \u00e9dition du March\u00e9 international du cin\u00e9ma et de la t\u00e9l\u00e9vision africains (Mica), qui r\u00e9unit producteurs, distributeurs, diffuseurs et porteurs de projets, s\u2019est ouverte, dimanche \u00e0 Ouagadougou, en marge du Festival panafricain du cin\u00e9ma et de la t\u00e9l\u00e9vision de Ouagadougou (Fespaco).<\/strong><\/p>\n<p>Fond\u00e9 en 1983, le Mica est n\u00e9 de la volont\u00e9 des professionnels du cin\u00e9ma et de l\u2019audiovisuel du continent, souvent confront\u00e9s \u00e0 un manque d\u2019espace pour la promotion de leurs oeuvres, d\u2019avoir un march\u00e9 autonome et propre au film africain.<\/p>\n<p>Outre les rencontres d\u2019affaires, le Mica va accueillir jusqu\u2019au 22 octobre des rencontres de promotion et d\u2019\u00e9changes, des ateliers, des tables rondes et des master classes.<br \/>Le Mica permet de mettre en relation commerciale des porteurs de projets ou d\u2019oeuvres cin\u00e9matographiques et audiovisuels (distributeurs et producteurs de films) et acheteurs (plateformes de streaming, t\u00e9l\u00e9visions, festivals\u2026), a d\u00e9clar\u00e9 sa directrice, Adjararatou Banc\u00e9, cit\u00e9e par des m\u00e9dias.<\/p>\n<p>\u00ab\u00a0Le Mica permet d\u2019avoir l\u2019ensemble des structures qui interviennent dans la production des oeuvres cin\u00e9matographiques et audiovisuelles, des acteurs, sponsors et distributeurs des films africains pour discuter des diff\u00e9rentes probl\u00e9matiques\u00a0\u00bb, a affirm\u00e9, pour sa part, le ministre burkinab\u00e8 de l\u2019Industrie, Harouna Kabor\u00e9.<br \/>\u00ab\u00a0C\u2019est tr\u00e8s important, au del\u00e0 des films qu\u2019on va voir au Fespaco, de savoir qu\u2019il y a un march\u00e9 qui s\u2019organise, qui se structure pour que les politiques publiques puissent davantage prendre des d\u00e9cisions pour accompagner les diff\u00e9rents acteurs\u00a0\u00bb, a-t-il estim\u00e9.<\/p>\n<p>La 27\u00e8me \u00e9dition du Fespaco s\u2019est ouverte samedi soir dans la capitale Burkinab\u00e9 avec la participation du Maroc.<br \/>Donnant le coup d\u2019envoi de ce festival, le pr\u00e9sident du Faso, Roch Marc Christian Kabor\u00e9, a invit\u00e9 les acteurs \u00e0 r\u00e9fl\u00e9chir sur les verrous qui emp\u00eachent le cin\u00e9ma africain de prosp\u00e9rer.<\/p>\n<p>\u00a0\u00bb L\u2019ensemble des acteurs du 7e art doivent se pencher \u00e0 cette rencontre culturelle du Burkina Faso sur les verrous qui emp\u00eachent le cin\u00e9ma africain de prosp\u00e9rer \u00ab\u00a0, a d\u00e9clar\u00e9 le pr\u00e9sident Christian Kabor\u00e9.<\/p>\n<p>La c\u00e9r\u00e9monie d\u2019ouverture de ce festival, qui se poursuivra jusqu\u2019au 23 octobre, a \u00e9t\u00e9 marqu\u00e9e par la projection du film \u00ab\u00a0Atlantique\u00a0\u00bb de la r\u00e9alisatrice franco-s\u00e9n\u00e9galaise Mati Diop, qui d\u00e9peint la situation des migrants et de la jeunesse.<br \/>Sur 1.132 films inscrits au Fespaco, 17 long m\u00e9trages de fiction ont \u00e9t\u00e9 s\u00e9lectionn\u00e9s pour la comp\u00e9tition officielle et sont en lice pour l\u2019Etalon d\u2019or du Y\u00e9nnenga. Les r\u00e9alisateurs ont issus de 15 pays du continent.<\/p>\n<p>Le jury de la 27\u00e8 \u00e9dition est pr\u00e9sid\u00e9 par le r\u00e9alisateur et producteur mauritanien Abderrahmane Sissako, C\u00e9sar du meilleur film 2015 pour \u00ab\u00a0Timbuktu\u00a0\u00bb.<\/p>\n<p>L\u2019article <a rel=\"nofollow\" href=\"http:\/\/albayane.press.ma\/le-marche-du-cinema-et-de-la-television-africains.html\">Le march\u00e9 du cin\u00e9ma et de la t\u00e9l\u00e9vision africains<\/a> est apparu en premier sur <a rel=\"nofollow\" href=\"http:\/\/albayane.press.ma\/\">ALBAYANE<\/a>.<\/p>\n<\/div>\n<p>Auteur: M&rsquo;hammed rahal<br \/>\n<a href=\"http:\/\/albayane.press.ma\/le-marche-du-cinema-et-de-la-television-africains.html\">Cliquez ici pour lire l&rsquo;article depuis sa source.<\/a><\/p>\n","protected":false},"excerpt":{"rendered":"<p>2\u00e8me Mica en marge de Fespaco La 20-\u00e8me \u00e9dition du March\u00e9 international du cin\u00e9ma et de la t\u00e9l\u00e9vision africains (Mica), qui r\u00e9unit producteurs, distributeurs, diffuseurs et porteurs de projets, s\u2019est ouverte, dimanche \u00e0 Ouagadougou, en marge du Festival panafricain du cin\u00e9ma et de la t\u00e9l\u00e9vision de Ouagadougou (Fespaco). Fond\u00e9 en 1983, le Mica est n\u00e9 [&hellip;]<\/p>\n","protected":false},"author":1760,"featured_media":0,"comment_status":"closed","ping_status":"closed","sticky":false,"template":"","format":"standard","meta":{"fifu_image_url":"","fifu_image_alt":"","footnotes":""},"categories":[73,54],"tags":[],"class_list":["post-130378","post","type-post","status-publish","format-standard","hentry","category-actualite","category-maroc"],"_links":{"self":[{"href":"https:\/\/linitiative.ca\/International\/wp-json\/wp\/v2\/posts\/130378","targetHints":{"allow":["GET"]}}],"collection":[{"href":"https:\/\/linitiative.ca\/International\/wp-json\/wp\/v2\/posts"}],"about":[{"href":"https:\/\/linitiative.ca\/International\/wp-json\/wp\/v2\/types\/post"}],"author":[{"embeddable":true,"href":"https:\/\/linitiative.ca\/International\/wp-json\/wp\/v2\/users\/1760"}],"replies":[{"embeddable":true,"href":"https:\/\/linitiative.ca\/International\/wp-json\/wp\/v2\/comments?post=130378"}],"version-history":[{"count":0,"href":"https:\/\/linitiative.ca\/International\/wp-json\/wp\/v2\/posts\/130378\/revisions"}],"wp:attachment":[{"href":"https:\/\/linitiative.ca\/International\/wp-json\/wp\/v2\/media?parent=130378"}],"wp:term":[{"taxonomy":"category","embeddable":true,"href":"https:\/\/linitiative.ca\/International\/wp-json\/wp\/v2\/categories?post=130378"},{"taxonomy":"post_tag","embeddable":true,"href":"https:\/\/linitiative.ca\/International\/wp-json\/wp\/v2\/tags?post=130378"}],"curies":[{"name":"wp","href":"https:\/\/api.w.org\/{rel}","templated":true}]}}