{"id":130379,"date":"2021-10-18T14:00:00","date_gmt":"2021-10-18T18:00:00","guid":{"rendered":"https:\/\/linitiative.ca\/International\/deux-startups-marocaines-participent-pour-la-premiere-fois\/"},"modified":"2021-10-18T14:00:00","modified_gmt":"2021-10-18T18:00:00","slug":"deux-startups-marocaines-participent-pour-la-premiere-fois","status":"publish","type":"post","link":"https:\/\/linitiative.ca\/International\/deux-startups-marocaines-participent-pour-la-premiere-fois\/","title":{"rendered":"Deux startups marocaines participent pour la premi\u00e8re fois"},"content":{"rendered":"<div>\n<p class=\"has-text-align-center has-vivid-cyan-blue-color has-text-color\"><strong>G20 des entrepreneurs<\/strong><\/p>\n<p class=\"has-black-color has-text-color\"><strong>Une d\u00e9l\u00e9gation nord-africaine, dont deux startups accompagn\u00e9es par le programme 212 Founders, Freterium et GOA Commerce, a \u00e9t\u00e9 invit\u00e9e pour la premi\u00e8re fois au G20 des Entrepreneurs par le cabinet d\u2019entrepreneurs INSKIP et avec le soutien au Maroc de 212 Founders, programme d\u2019investissement et d\u2019accompagnement des startups lanc\u00e9 par CDG Invest.<\/strong><\/p>\n<p class=\"has-black-color has-text-color\">C\u2019est une premi\u00e8re \u2013 une d\u00e9l\u00e9gation d\u2019entrepreneurs embl\u00e9matiques venant du Maroc, d\u2019Alg\u00e9rie, de Tunisie et d\u2019Egypte, et ayant lev\u00e9 jusqu\u2019\u00e0 17 M\u20ac, ont repr\u00e9sent\u00e9 l\u2019Afrique du Nord au Sommet du G20 des Jeunes Entrepreneurs en Italie, les 5 et 6 octobre 2021.<\/p>\n<p class=\"has-black-color has-text-color\">Cette d\u00e9l\u00e9gation a particip\u00e9, aux c\u00f4t\u00e9s de la d\u00e9l\u00e9gationfran\u00e7aise au Sommet qui rassemble tous les ans plus de 400 entrepreneurs issus des pays du G20. Le Sommet de cette ann\u00e9e s\u2019est tenu autour du th\u00e8me \u201cGlobal Renaissance\u201d, et a explor\u00e9 le r\u00f4le de l\u2019entrepreneuriat pour une reprise \u00e9conomique inclusive et durable post-COVID-19.<\/p>\n<p class=\"has-black-color has-text-color\">Le G20 des Jeunes Entrepreneurs a pour objectif de promouvoir le d\u00e9veloppement des \u00e9cosyst\u00e8mes entrepreneuriaux \u00e0 l\u2019international, et chaque d\u00e9l\u00e9gation \u00e9labore pour cela des recommandations concr\u00e8tes qui sont ensuite remises \u00e0 leurs gouvernements respectifs.<\/p>\n<p class=\"has-black-color has-text-color\">Pour Youssef Mamou, Directeur du Programme 212 Founders: \u201cLe Maroc voit l\u2019\u00e9mergence de startups tr\u00e8s dynamiques pour le repr\u00e9senter dans des \u00e9v\u00e8nements majeurs. Nous sommes heureux de se faire repr\u00e9senter par Freterium et GOACommerce, deux startups marocaines issues du Programme 212 Founders. Il est important de tisser des liens avec les \u00e9cosyst\u00e8mes internationaux afin d\u2019accompagner ces startups dans leur d\u00e9veloppement.<\/p>\n<p class=\"has-black-color has-text-color\">Dans le contexte actuel de pand\u00e9mie du Covid-19, le tissu entrepreneurial est essentiel pour acc\u00e9l\u00e9rer la reprise \u00e9conomique.<\/p>\n<p class=\"has-black-color has-text-color\">Maxime Guillaud, CEO et fondateur d\u2019INSKIP : \u201cIl faut relayer les volont\u00e9s politiques par des actions concr\u00e8tes qui vont permettre de renforcer les ponts \u00e9conomiques qui relient, dans les deux sens, l\u2019Afrique \u00e0 la France; et plus largement \u00e0 l\u2019Europe\u201d. Pour INSKIP, \u201cC\u2019est dans notre ADN d\u2019acc\u00e9l\u00e9rer les \u00e9cosyst\u00e8mes entrepreneuriaux sur les deux continents, et surtout d\u2019\u00eatre force de proposition \u00e0 travers des partenariats qui b\u00e9n\u00e9ficient d\u00e8s aujourd\u2019hui aux entrepreneurs\u201d.<\/p>\n<p>L\u2019article <a rel=\"nofollow\" href=\"http:\/\/albayane.press.ma\/deux-startups-marocaines-participent-pour-la-premiere-fois.html\">Deux startups marocaines participent pour la premi\u00e8re fois<\/a> est apparu en premier sur <a rel=\"nofollow\" href=\"http:\/\/albayane.press.ma\/\">ALBAYANE<\/a>.<\/p>\n<\/div>\n<p>Auteur: M&rsquo;hammed rahal<br \/>\n<a href=\"http:\/\/albayane.press.ma\/deux-startups-marocaines-participent-pour-la-premiere-fois.html\">Cliquez ici pour lire l&rsquo;article depuis sa source.<\/a><\/p>\n","protected":false},"excerpt":{"rendered":"<p>G20 des entrepreneurs Une d\u00e9l\u00e9gation nord-africaine, dont deux startups accompagn\u00e9es par le programme 212 Founders, Freterium et GOA Commerce, a \u00e9t\u00e9 invit\u00e9e pour la premi\u00e8re fois au G20 des Entrepreneurs par le cabinet d\u2019entrepreneurs INSKIP et avec le soutien au Maroc de 212 Founders, programme d\u2019investissement et d\u2019accompagnement des startups lanc\u00e9 par CDG Invest. C\u2019est [&hellip;]<\/p>\n","protected":false},"author":1760,"featured_media":0,"comment_status":"closed","ping_status":"closed","sticky":false,"template":"","format":"standard","meta":{"fifu_image_url":"","fifu_image_alt":"","footnotes":""},"categories":[73,54],"tags":[],"class_list":["post-130379","post","type-post","status-publish","format-standard","hentry","category-actualite","category-maroc"],"_links":{"self":[{"href":"https:\/\/linitiative.ca\/International\/wp-json\/wp\/v2\/posts\/130379","targetHints":{"allow":["GET"]}}],"collection":[{"href":"https:\/\/linitiative.ca\/International\/wp-json\/wp\/v2\/posts"}],"about":[{"href":"https:\/\/linitiative.ca\/International\/wp-json\/wp\/v2\/types\/post"}],"author":[{"embeddable":true,"href":"https:\/\/linitiative.ca\/International\/wp-json\/wp\/v2\/users\/1760"}],"replies":[{"embeddable":true,"href":"https:\/\/linitiative.ca\/International\/wp-json\/wp\/v2\/comments?post=130379"}],"version-history":[{"count":0,"href":"https:\/\/linitiative.ca\/International\/wp-json\/wp\/v2\/posts\/130379\/revisions"}],"wp:attachment":[{"href":"https:\/\/linitiative.ca\/International\/wp-json\/wp\/v2\/media?parent=130379"}],"wp:term":[{"taxonomy":"category","embeddable":true,"href":"https:\/\/linitiative.ca\/International\/wp-json\/wp\/v2\/categories?post=130379"},{"taxonomy":"post_tag","embeddable":true,"href":"https:\/\/linitiative.ca\/International\/wp-json\/wp\/v2\/tags?post=130379"}],"curies":[{"name":"wp","href":"https:\/\/api.w.org\/{rel}","templated":true}]}}