{"id":130385,"date":"2021-10-19T07:24:30","date_gmt":"2021-10-19T11:24:30","guid":{"rendered":"https:\/\/linitiative.ca\/International\/previsions-meteorologiques-du-mercredi-20-octobre-2021\/"},"modified":"2021-10-19T07:24:30","modified_gmt":"2021-10-19T11:24:30","slug":"previsions-meteorologiques-du-mercredi-20-octobre-2021","status":"publish","type":"post","link":"https:\/\/linitiative.ca\/International\/previsions-meteorologiques-du-mercredi-20-octobre-2021\/","title":{"rendered":"Pr\u00e9visions m\u00e9t\u00e9orologiques du mercredi 20 octobre 2021"},"content":{"rendered":"<div>\n<div style=\"margin-bottom:20px;\"><img loading=\"lazy\" decoding=\"async\" width=\"750\" height=\"430\" src=\"https:\/\/linitiative.ca\/International\/wp-content\/uploads\/sites\/23\/2021\/10\/mC3A9tC3A9o-2.jpg\" class=\"attachment-post-thumbnail size-post-thumbnail wp-post-image\" alt=\"\" srcset=\"https:\/\/linitiative.ca\/International\/wp-content\/uploads\/sites\/23\/2021\/10\/mC3A9tC3A9o-2.jpg 750w, http:\/\/www.mapmarrakech.ma\/map\/uploads\/2021\/10\/m\u00e9t\u00e9o-2-300x172.jpg 300w\" sizes=\"auto, (max-width: 750px) 100vw, 750px\"><\/div>\n<p>\u2013 Nuages bas assez fr\u00e9quents pr\u00e8s des c\u00f4tes avec formations brumeuses par endroits.<\/p>\n<p>\u2013 Temps stable avec ciel clair ou peu nuageux sur l\u2019ensemble du pays.<\/p>\n<p>\u2013 Rafales de vents assez fortes sur le Tang\u00e9rois.<\/p>\n<p>\u2013 Chasse-sables par endroits sur le Sud de l\u2019Oriental et l\u2019int\u00e9rieur des provinces Sud.<\/p>\n<p>\u2013 Temp\u00e9ratures minimales de l\u2019ordre de 08\/14\u00b0C sur les reliefs, 12\/17\u00b0C sur l\u2019Oriental et les versants Sud-Est, de 21\/26\u00b0C sur l\u2019int\u00e9rieur des provinces Sud et de 15\/21\u00b0C partout ailleurs.<\/p>\n<p>\u2013 Temp\u00e9ratures maximales de l\u2019ordre de 34\/40\u00b0C sur les provinces Sud et l\u2019int\u00e9rieur du Souss, de 28\/34\u00b0C sur les plaines int\u00e9rieures Nord et Centre et de 22\/28\u00b0C sur l\u2019Oriental, le Sud-Est, les reliefs et pr\u00e8s des c\u00f4tes.<\/p>\n<p>\u2013 Mer peu agit\u00e9e \u00e0 agit\u00e9e sur la M\u00e9diterran\u00e9e, peu agit\u00e9e sur le D\u00e9troit et peu agit\u00e9e \u00e0 agit\u00e9e le long du littoral atlantique.<\/p>\n<p>The post <a rel=\"nofollow\" href=\"http:\/\/www.mapmarrakech.ma\/fr\/previsions-meteorologiques-du-mercredi-20-octobre-2021\/\">Pr\u00e9visions m\u00e9t\u00e9orologiques du mercredi 20 octobre 2021<\/a> appeared first on <a rel=\"nofollow\" href=\"http:\/\/www.mapmarrakech.ma\/fr\">MapMarrakech<\/a>.<\/p>\n<\/div>\n<p>Auteur: Meriem IGASS<br \/>\n<a href=\"http:\/\/www.mapmarrakech.ma\/fr\/previsions-meteorologiques-du-mercredi-20-octobre-2021\/\">Cliquez ici pour lire l&rsquo;article depuis sa source.<\/a><\/p>\n","protected":false},"excerpt":{"rendered":"<p>\u2013 Nuages bas assez fr\u00e9quents pr\u00e8s des c\u00f4tes avec formations brumeuses par endroits. \u2013 Temps stable avec ciel clair ou peu nuageux sur l\u2019ensemble du pays. \u2013 Rafales de vents assez fortes sur le Tang\u00e9rois. \u2013 Chasse-sables par endroits sur le Sud de l\u2019Oriental et l\u2019int\u00e9rieur des provinces Sud. \u2013 Temp\u00e9ratures minimales de l\u2019ordre de [&hellip;]<\/p>\n","protected":false},"author":1788,"featured_media":0,"comment_status":"closed","ping_status":"closed","sticky":false,"template":"","format":"standard","meta":{"fifu_image_url":"http:\/\/www.mapmarrakech.ma\/map\/uploads\/2021\/10\/m\u00e9t\u00e9o-2.jpg","fifu_image_alt":"Pr\u00e9visions m\u00e9t\u00e9orologiques du mercredi 20 octobre 2021","footnotes":""},"categories":[54,76],"tags":[],"class_list":["post-130385","post","type-post","status-publish","format-standard","hentry","category-maroc","category-regions"],"_links":{"self":[{"href":"https:\/\/linitiative.ca\/International\/wp-json\/wp\/v2\/posts\/130385","targetHints":{"allow":["GET"]}}],"collection":[{"href":"https:\/\/linitiative.ca\/International\/wp-json\/wp\/v2\/posts"}],"about":[{"href":"https:\/\/linitiative.ca\/International\/wp-json\/wp\/v2\/types\/post"}],"author":[{"embeddable":true,"href":"https:\/\/linitiative.ca\/International\/wp-json\/wp\/v2\/users\/1788"}],"replies":[{"embeddable":true,"href":"https:\/\/linitiative.ca\/International\/wp-json\/wp\/v2\/comments?post=130385"}],"version-history":[{"count":0,"href":"https:\/\/linitiative.ca\/International\/wp-json\/wp\/v2\/posts\/130385\/revisions"}],"wp:attachment":[{"href":"https:\/\/linitiative.ca\/International\/wp-json\/wp\/v2\/media?parent=130385"}],"wp:term":[{"taxonomy":"category","embeddable":true,"href":"https:\/\/linitiative.ca\/International\/wp-json\/wp\/v2\/categories?post=130385"},{"taxonomy":"post_tag","embeddable":true,"href":"https:\/\/linitiative.ca\/International\/wp-json\/wp\/v2\/tags?post=130385"}],"curies":[{"name":"wp","href":"https:\/\/api.w.org\/{rel}","templated":true}]}}