{"id":130387,"date":"2021-10-19T07:41:02","date_gmt":"2021-10-19T11:41:02","guid":{"rendered":"https:\/\/linitiative.ca\/International\/lafrique-acteur-central-au-sein-de-la-communaute-des-nations\/"},"modified":"2021-10-19T07:41:02","modified_gmt":"2021-10-19T11:41:02","slug":"lafrique-acteur-central-au-sein-de-la-communaute-des-nations","status":"publish","type":"post","link":"https:\/\/linitiative.ca\/International\/lafrique-acteur-central-au-sein-de-la-communaute-des-nations\/","title":{"rendered":"L\u2019Afrique, acteur central au sein de la Communaut\u00e9 des Nations"},"content":{"rendered":"<div>\n<div style=\"margin-bottom:20px;\"><img loading=\"lazy\" decoding=\"async\" width=\"750\" height=\"430\" src=\"https:\/\/linitiative.ca\/International\/wp-content\/uploads\/sites\/23\/2021\/10\/fondation.jpg\" class=\"attachment-post-thumbnail size-post-thumbnail wp-post-image\" alt=\"\" srcset=\"https:\/\/linitiative.ca\/International\/wp-content\/uploads\/sites\/23\/2021\/10\/fondation.jpg 750w, http:\/\/www.mapmarrakech.ma\/map\/uploads\/2021\/10\/fondation-300x172.jpg 300w\" sizes=\"auto, (max-width: 750px) 100vw, 750px\"><\/div>\n<p>Consid\u00e9r\u00e9e comme l\u2019une des institutions les plus influentes sur la sc\u00e8ne socio-\u00e9conomique du continent africain et actuellement pr\u00e9sid\u00e9e par M. Olusegun Obasanjo, ancien Pr\u00e9sident du Nig\u00e9ria, la Fondation Brenthurst rassemblera pendant 3 jours \u00e0 Essaouira plus d\u2019une vingtaine de personnalit\u00e9s de premier plan, parmi lesquelles l\u2019ancienne Pr\u00e9sidente du Lib\u00e9ria, Mme Ellen Johnson-Sirleaf et l\u2019ancien Pr\u00e9sident de Sierra Leone, M. Ernest Bai Koroma.<\/p>\n<p>Membre de ce Conseil, M. Andr\u00e9 Azoulay, Conseiller de Sa Majest\u00e9 le Roi, participera aux travaux de la r\u00e9union d\u2019Essaouira qui a inscrit \u00e0 son ordre du jour deux th\u00e8mes prioritaires \u00e0 savoir \u00ab\u00a0l\u2019\u00e9mergence du continent africain comme futur acteur au sein de la Communaut\u00e9 des Nations\u00a0\u00bb, ainsi que le soutien aux \u00e9conomies africaines qui ont privil\u00e9gi\u00e9 \u00ab\u00a0une strat\u00e9gie de la r\u00e9forme pour consolider et p\u00e9renniser leur croissance\u00a0\u00bb.<\/p>\n<p>The post <a rel=\"nofollow\" href=\"http:\/\/www.mapmarrakech.ma\/fr\/lafrique-acteur-central-du-futur-au-sein-de-la-communaute-des-nations\/\">L\u2019Afrique, acteur central au sein de la Communaut\u00e9 des Nations<\/a> appeared first on <a rel=\"nofollow\" href=\"http:\/\/www.mapmarrakech.ma\/fr\">MapMarrakech<\/a>.<\/p>\n<\/div>\n<p>Auteur: Meriem IGASS<br \/>\n<a href=\"http:\/\/www.mapmarrakech.ma\/fr\/lafrique-acteur-central-du-futur-au-sein-de-la-communaute-des-nations\/\">Cliquez ici pour lire l&rsquo;article depuis sa source.<\/a><\/p>\n","protected":false},"excerpt":{"rendered":"<p>Consid\u00e9r\u00e9e comme l\u2019une des institutions les plus influentes sur la sc\u00e8ne socio-\u00e9conomique du continent africain et actuellement pr\u00e9sid\u00e9e par M. Olusegun Obasanjo, ancien Pr\u00e9sident du Nig\u00e9ria, la Fondation Brenthurst rassemblera pendant 3 jours \u00e0 Essaouira plus d\u2019une vingtaine de personnalit\u00e9s de premier plan, parmi lesquelles l\u2019ancienne Pr\u00e9sidente du Lib\u00e9ria, Mme Ellen Johnson-Sirleaf et l\u2019ancien Pr\u00e9sident [&hellip;]<\/p>\n","protected":false},"author":1788,"featured_media":0,"comment_status":"closed","ping_status":"closed","sticky":false,"template":"","format":"standard","meta":{"fifu_image_url":"http:\/\/www.mapmarrakech.ma\/map\/uploads\/2021\/10\/fondation.jpg","fifu_image_alt":"L\u2019Afrique, acteur central au sein de la Communaut\u00e9 des Nations","footnotes":""},"categories":[54,76],"tags":[],"class_list":["post-130387","post","type-post","status-publish","format-standard","hentry","category-maroc","category-regions"],"_links":{"self":[{"href":"https:\/\/linitiative.ca\/International\/wp-json\/wp\/v2\/posts\/130387","targetHints":{"allow":["GET"]}}],"collection":[{"href":"https:\/\/linitiative.ca\/International\/wp-json\/wp\/v2\/posts"}],"about":[{"href":"https:\/\/linitiative.ca\/International\/wp-json\/wp\/v2\/types\/post"}],"author":[{"embeddable":true,"href":"https:\/\/linitiative.ca\/International\/wp-json\/wp\/v2\/users\/1788"}],"replies":[{"embeddable":true,"href":"https:\/\/linitiative.ca\/International\/wp-json\/wp\/v2\/comments?post=130387"}],"version-history":[{"count":0,"href":"https:\/\/linitiative.ca\/International\/wp-json\/wp\/v2\/posts\/130387\/revisions"}],"wp:attachment":[{"href":"https:\/\/linitiative.ca\/International\/wp-json\/wp\/v2\/media?parent=130387"}],"wp:term":[{"taxonomy":"category","embeddable":true,"href":"https:\/\/linitiative.ca\/International\/wp-json\/wp\/v2\/categories?post=130387"},{"taxonomy":"post_tag","embeddable":true,"href":"https:\/\/linitiative.ca\/International\/wp-json\/wp\/v2\/tags?post=130387"}],"curies":[{"name":"wp","href":"https:\/\/api.w.org\/{rel}","templated":true}]}}