{"id":130395,"date":"2021-10-19T09:18:44","date_gmt":"2021-10-19T13:18:44","guid":{"rendered":"https:\/\/linitiative.ca\/International\/ouverture-de-la-16eme-rencontre-mondiale-du-soufisme-de-madagh\/"},"modified":"2021-10-19T09:18:44","modified_gmt":"2021-10-19T13:18:44","slug":"ouverture-de-la-16eme-rencontre-mondiale-du-soufisme-de-madagh","status":"publish","type":"post","link":"https:\/\/linitiative.ca\/International\/ouverture-de-la-16eme-rencontre-mondiale-du-soufisme-de-madagh\/","title":{"rendered":"Ouverture de la 16\u00e8me Rencontre mondiale du soufisme de Madagh"},"content":{"rendered":"<div>\n<div style=\"margin-bottom:20px;\"><img loading=\"lazy\" decoding=\"async\" width=\"750\" height=\"430\" src=\"https:\/\/linitiative.ca\/International\/wp-content\/uploads\/sites\/23\/2021\/10\/Le-Directeur-de-la-Rencontre-mondiale-du-soufisme-Mounir-Kadiri-Boudchich-750C397430-MAP-.jpg\" class=\"attachment-post-thumbnail size-post-thumbnail wp-post-image\" alt=\"\" srcset=\"https:\/\/linitiative.ca\/International\/wp-content\/uploads\/sites\/23\/2021\/10\/Le-Directeur-de-la-Rencontre-mondiale-du-soufisme-Mounir-Kadiri-Boudchich-750C397430-MAP-.jpg 750w, http:\/\/www.mapoujda.ma\/map\/uploads\/2021\/10\/Le-Directeur-de-la-Rencontre-mondiale-du-soufisme-Mounir-Kadiri-Boudchich-750\u00d7430-MAP--300x172.jpg 300w\" sizes=\"auto, (max-width: 750px) 100vw, 750px\"><\/div>\n<div>\n<p style=\"text-align: justify;\">La 16\u00e8me \u00e9dition de la Rencontre mondiale du soufisme s\u2019est ouverte lundi \u00e0 Madagh (province de Berkane), avec au programme plusieurs conf\u00e9rences et activit\u00e9s plac\u00e9es sous le th\u00e8me \u00abSoufisme et valeurs humaines : du local \u00e0 l\u2019universel\u00bb.<\/p>\n<p style=\"text-align: justify;\">Cet \u00e9v\u00e8nement, plac\u00e9 sous le Haut patronage de SM le Roi Mohammed VI et organis\u00e9 par la Tariqa Qadiriyya Boudchichiyya et sa machyakha et la fondation Al Moultaqa, en partenariat avec le Centre Euro-M\u00e9diterran\u00e9en pour l\u2019\u00c9tude de l\u2019Islam Actuel (CEMEIA), connait la participation d\u2019un parterre d\u2019oul\u00e9mas, chercheurs et intellectuels du Maroc et de l\u2019\u00e9tranger.<\/p>\n<p style=\"text-align: justify;\">La c\u00e9r\u00e9monie d\u2019ouverture s\u2019est tenue en pr\u00e9sence notamment du wali de la r\u00e9gion de l\u2019Oriental, gouverneur de la pr\u00e9fecture d\u2019Oujda-Angad, M. Mouad El Jamai, du gouverneur de la province de Berkane, M. Mohamed Ali Habouha, du cheikh de la Tariqa Qadiriyya Boudchichiyya, M. Jamaleddine El Kadiri et plusieurs autres personnalit\u00e9s.<\/p>\n<p style=\"text-align: justify;\">Dans une allocution \u00e0 cette occasion, le pr\u00e9sident de la fondation Al Moultaqa, M. Mounir El Kadiri, a soulign\u00e9 que cette rencontre constitue une occasion pour aborder de mani\u00e8re scientifique et acad\u00e9mique les enseignements du Proph\u00e8te Sidna Mohammed, qui sont porteurs de toutes les valeurs universelles et les vertus humaines.<\/p>\n<p style=\"text-align: justify;\">Il a aussi not\u00e9 que le monde actuel fait face \u00e0 un climat de conflits, de crises et de risques majeurs qui menacent la s\u00e9curit\u00e9 de l\u2019Homme et le laissent face \u00e0 une angoisse existentielle, ajoutant que la crise sanitaire li\u00e9e \u00e0 la pand\u00e9mie de la Covid-19 a aggrav\u00e9 la situation et a mis en \u00e9vidence le besoin primordial de revenir aux valeurs.<\/p>\n<p style=\"text-align: justify;\">L\u2019\u00eatre humain est devenu faible face \u00e0 la mondialisation f\u00e9roce, qui consiste en la cons\u00e9cration de la culture de consommation mat\u00e9rielle, rel\u00e9guant les valeurs humaines et la dimension spirituelle au second rang, a-t-il estim\u00e9, affirmant que la construction d\u2019un avenir meilleur pour l\u2019humanit\u00e9 passe par l\u2019ouverture sur l\u2019autre et le retour aux valeurs spirituelles et \u00e9thiques de l\u2019islam, qui sont ouvertes \u00e0 toutes les personnes sans distinction de races, de couleurs ou de langues.<\/p>\n<p style=\"text-align: justify;\">M. El Kadiri a, dans ce sens, mis l\u2019accent sur la contribution du soufisme \u00e0 la cons\u00e9cration de cette vision universelle, en particulier le soufisme marocain qui a particip\u00e9 \u00e0 faire de la religiosit\u00e9 marocaine ce mod\u00e8le de juste milieu, de tol\u00e9rance, d\u2019ouverture et de coexistence, un mod\u00e8le au rayonnement r\u00e9gional, continental et mondial qui rehausse les valeurs de fraternit\u00e9, de coop\u00e9ration et de respect mutuel conform\u00e9ment aux Hautes orientations de SM le Roi Mohammed VI.<\/p>\n<p style=\"text-align: justify;\">La c\u00e9r\u00e9monie d\u2019ouverture de cet \u00e9v\u00e8nement a \u00e9t\u00e9 marqu\u00e9e par des chants de madih et sama\u00e2, interpr\u00e9t\u00e9s par l\u2019ensemble national de sama\u00e2 et madih de la Tariqa Qadiriyya Boudchichiyya, \u00e0 l\u2019occasion de l\u2019Aid Al Mawlid Annabawi Charif.<\/p>\n<p style=\"text-align: justify;\">La Rencontre mondiale du soufisme, qui se poursuit jusqu\u2019au 22 octobre, se tient cette ann\u00e9e en mode hybride, avec certaines activit\u00e9s tenues en pr\u00e9sentiel, alors que le reste sera organis\u00e9 \u00e0 distance, \u00e0 travers les r\u00e9seaux sociaux, et ce compte tenu du contexte exceptionnel mondial, li\u00e9 \u00e0 la pand\u00e9mie de la Covid-19.<\/p>\n<p style=\"text-align: justify;\">Cette \u00e9dition connait la participation de sp\u00e9cialistes, chercheurs et scientifiques de diverses sp\u00e9cialit\u00e9s litt\u00e9raires, scientifiques, religieuses, philosophiques, sociologiques ou \u00e9conomiques venant du Maroc, d\u2019Europe, d\u2019Asie, d\u2019Australie, d\u2019Afrique et d\u2019Am\u00e9rique.<\/p>\n<p style=\"text-align: justify;\">Le programme de cette ann\u00e9e sera marqu\u00e9 par l\u2019organisation de concours de r\u00e9citation et de psalmodie du Saint Coran, et du meilleur article sur le th\u00e8me : \u00abLes valeurs religieuses et leur dimensions universelles\u00bb, en plus d\u2019un concours de po\u00e9sie louangeant le Proph\u00e8te.<\/p>\n<\/div>\n<p>L\u2019article <a rel=\"nofollow\" href=\"http:\/\/www.mapoujda.ma\/fr\/ouverture-de-la-16eme-rencontre-mondiale-du-soufisme-de-madagh\/\">Ouverture de la 16\u00e8me Rencontre mondiale du soufisme de Madagh<\/a> est apparu en premier sur <a rel=\"nofollow\" href=\"http:\/\/www.mapoujda.ma\/fr\">MapOujda<\/a>.<\/p>\n<\/div>\n<p>Auteur: Soufiane ELAHMAR<br \/>\n<a href=\"http:\/\/www.mapoujda.ma\/fr\/ouverture-de-la-16eme-rencontre-mondiale-du-soufisme-de-madagh\/\">Cliquez ici pour lire l&rsquo;article depuis sa source.<\/a><\/p>\n","protected":false},"excerpt":{"rendered":"<p>La 16\u00e8me \u00e9dition de la Rencontre mondiale du soufisme s\u2019est ouverte lundi \u00e0 Madagh (province de Berkane), avec au programme plusieurs conf\u00e9rences et activit\u00e9s plac\u00e9es sous le th\u00e8me \u00abSoufisme et valeurs humaines : du local \u00e0 l\u2019universel\u00bb. Cet \u00e9v\u00e8nement, plac\u00e9 sous le Haut patronage de SM le Roi Mohammed VI et organis\u00e9 par la Tariqa [&hellip;]<\/p>\n","protected":false},"author":1788,"featured_media":0,"comment_status":"closed","ping_status":"closed","sticky":false,"template":"","format":"standard","meta":{"fifu_image_url":"http:\/\/www.mapoujda.ma\/map\/uploads\/2021\/10\/Le-Directeur-de-la-Rencontre-mondiale-du-soufisme-Mounir-Kadiri-Boudchich-750\u00d7430-MAP-.jpg","fifu_image_alt":"Ouverture de la 16\u00e8me Rencontre mondiale du soufisme de Madagh","footnotes":""},"categories":[54,76],"tags":[],"class_list":["post-130395","post","type-post","status-publish","format-standard","hentry","category-maroc","category-regions"],"_links":{"self":[{"href":"https:\/\/linitiative.ca\/International\/wp-json\/wp\/v2\/posts\/130395","targetHints":{"allow":["GET"]}}],"collection":[{"href":"https:\/\/linitiative.ca\/International\/wp-json\/wp\/v2\/posts"}],"about":[{"href":"https:\/\/linitiative.ca\/International\/wp-json\/wp\/v2\/types\/post"}],"author":[{"embeddable":true,"href":"https:\/\/linitiative.ca\/International\/wp-json\/wp\/v2\/users\/1788"}],"replies":[{"embeddable":true,"href":"https:\/\/linitiative.ca\/International\/wp-json\/wp\/v2\/comments?post=130395"}],"version-history":[{"count":0,"href":"https:\/\/linitiative.ca\/International\/wp-json\/wp\/v2\/posts\/130395\/revisions"}],"wp:attachment":[{"href":"https:\/\/linitiative.ca\/International\/wp-json\/wp\/v2\/media?parent=130395"}],"wp:term":[{"taxonomy":"category","embeddable":true,"href":"https:\/\/linitiative.ca\/International\/wp-json\/wp\/v2\/categories?post=130395"},{"taxonomy":"post_tag","embeddable":true,"href":"https:\/\/linitiative.ca\/International\/wp-json\/wp\/v2\/tags?post=130395"}],"curies":[{"name":"wp","href":"https:\/\/api.w.org\/{rel}","templated":true}]}}