{"id":130400,"date":"2021-10-19T09:18:53","date_gmt":"2021-10-19T13:18:53","guid":{"rendered":"https:\/\/linitiative.ca\/International\/peine-de-prison-reduite-pour-limam-said-abou-ali\/"},"modified":"2021-10-19T09:18:53","modified_gmt":"2021-10-19T13:18:53","slug":"peine-de-prison-reduite-pour-limam-said-abou-ali","status":"publish","type":"post","link":"https:\/\/linitiative.ca\/International\/peine-de-prison-reduite-pour-limam-said-abou-ali\/","title":{"rendered":"Peine de prison r\u00e9duite pour l&rsquo;imam Sa\u00efd Abou Ali"},"content":{"rendered":"<div>\n<div class=\"field field-name-body field-type-text-with-summary field-label-hidden\">\n<div class=\"field-items\">\n<div class=\"field-item even\" property=\"content:encoded\">\n<p class=\"rtejustify\">L&rsquo;imam Sa\u00efd Abou Ali, ex-directeur d&rsquo;une \u00e9cole coranique \u00e0 Guelmim,\u00a0en d\u00e9tention, accus\u00e9 d&rsquo;avoir incit\u00e9 ses condisciples \u00e0 manifester, a vu sa peine r\u00e9duite en appel \u00e0 trois mois de prison ferme, a indiqu\u00e9 mardi son avocat \u00e0 l&rsquo;AFP.<\/p>\n<p class=\"rtejustify\">\u00ab\u00a0La cour d&rsquo;appel de Rabat a d\u00e9cid\u00e9 de r\u00e9duire la peine inflig\u00e9e \u00e0 Sa\u00efd Abou Ali \u00e0 trois mois de prison ferme\u00a0\u00bb, a d\u00e9clar\u00e9 \u00e0 l&rsquo;AFP Me Mohamed Nouini. Il doit sortir de prison le 24 novembre.<\/p>\n<\/div>\n<\/div>\n<\/div>\n<\/div>\n<p>Auteur: hgueye<br \/>\n<a href=\"https:\/\/www.leconomiste.com\/flash-infos\/peine-de-prison-reduite-pour-l-imam-said-abou-ali\">Cliquez ici pour lire l&rsquo;article depuis sa source.<\/a><\/p>\n","protected":false},"excerpt":{"rendered":"<p>L&rsquo;imam Sa\u00efd Abou Ali, ex-directeur d&rsquo;une \u00e9cole coranique \u00e0 Guelmim,\u00a0en d\u00e9tention, accus\u00e9 d&rsquo;avoir incit\u00e9 ses condisciples \u00e0 manifester, a vu sa peine r\u00e9duite en appel \u00e0 trois mois de prison ferme, a indiqu\u00e9 mardi son avocat \u00e0 l&rsquo;AFP. \u00ab\u00a0La cour d&rsquo;appel de Rabat a d\u00e9cid\u00e9 de r\u00e9duire la peine inflig\u00e9e \u00e0 Sa\u00efd Abou Ali \u00e0 [&hellip;]<\/p>\n","protected":false},"author":1763,"featured_media":0,"comment_status":"closed","ping_status":"closed","sticky":false,"template":"","format":"standard","meta":{"fifu_image_url":"","fifu_image_alt":"","footnotes":""},"categories":[78,54],"tags":[],"class_list":["post-130400","post","type-post","status-publish","format-standard","hentry","category-economie","category-maroc"],"_links":{"self":[{"href":"https:\/\/linitiative.ca\/International\/wp-json\/wp\/v2\/posts\/130400","targetHints":{"allow":["GET"]}}],"collection":[{"href":"https:\/\/linitiative.ca\/International\/wp-json\/wp\/v2\/posts"}],"about":[{"href":"https:\/\/linitiative.ca\/International\/wp-json\/wp\/v2\/types\/post"}],"author":[{"embeddable":true,"href":"https:\/\/linitiative.ca\/International\/wp-json\/wp\/v2\/users\/1763"}],"replies":[{"embeddable":true,"href":"https:\/\/linitiative.ca\/International\/wp-json\/wp\/v2\/comments?post=130400"}],"version-history":[{"count":0,"href":"https:\/\/linitiative.ca\/International\/wp-json\/wp\/v2\/posts\/130400\/revisions"}],"wp:attachment":[{"href":"https:\/\/linitiative.ca\/International\/wp-json\/wp\/v2\/media?parent=130400"}],"wp:term":[{"taxonomy":"category","embeddable":true,"href":"https:\/\/linitiative.ca\/International\/wp-json\/wp\/v2\/categories?post=130400"},{"taxonomy":"post_tag","embeddable":true,"href":"https:\/\/linitiative.ca\/International\/wp-json\/wp\/v2\/tags?post=130400"}],"curies":[{"name":"wp","href":"https:\/\/api.w.org\/{rel}","templated":true}]}}