{"id":130401,"date":"2021-10-19T11:23:43","date_gmt":"2021-10-19T15:23:43","guid":{"rendered":"https:\/\/linitiative.ca\/International\/covid-499-nouveaux-cas-5-deces\/"},"modified":"2021-10-19T11:23:43","modified_gmt":"2021-10-19T15:23:43","slug":"covid-499-nouveaux-cas-5-deces","status":"publish","type":"post","link":"https:\/\/linitiative.ca\/International\/covid-499-nouveaux-cas-5-deces\/","title":{"rendered":"Covid: 499 nouveaux cas, 5 d\u00e9c\u00e8s"},"content":{"rendered":"<div>\n<div class=\"field field-name-body field-type-text-with-summary field-label-hidden\">\n<div class=\"field-items\">\n<div class=\"field-item even\" property=\"content:encoded\">\n<p class=\"rtejustify\">Un total de <strong>784.478<\/strong> personnes ont re\u00e7u la 3e dose du vaccin anti-Covid-19 depuis le lancement de l&rsquo;op\u00e9ration, a indiqu\u00e9 mardi le minist\u00e8re de la Sant\u00e9. Le nombre de primo-vaccin\u00e9s a atteint <strong>23.306.937<\/strong>, alors que celui des personnes ayant re\u00e7u la 2e dose s&rsquo;\u00e9l\u00e8ve d\u00e9sormais \u00e0<strong> 21.088.437<\/strong>.<\/p>\n<\/div>\n<\/div>\n<\/div>\n<\/div>\n<p>Auteur: hgueye<br \/>\n<a href=\"https:\/\/www.leconomiste.com\/flash-infos\/covid-499-nouveaux-cas-5-deces\">Cliquez ici pour lire l&rsquo;article depuis sa source.<\/a><\/p>\n","protected":false},"excerpt":{"rendered":"<p>Un total de 784.478 personnes ont re\u00e7u la 3e dose du vaccin anti-Covid-19 depuis le lancement de l&rsquo;op\u00e9ration, a indiqu\u00e9 mardi le minist\u00e8re de la Sant\u00e9. Le nombre de primo-vaccin\u00e9s a atteint 23.306.937, alors que celui des personnes ayant re\u00e7u la 2e dose s&rsquo;\u00e9l\u00e8ve d\u00e9sormais \u00e0 21.088.437. Auteur: hgueye Cliquez ici pour lire l&rsquo;article depuis [&hellip;]<\/p>\n","protected":false},"author":1763,"featured_media":0,"comment_status":"closed","ping_status":"closed","sticky":false,"template":"","format":"standard","meta":{"fifu_image_url":"","fifu_image_alt":"","footnotes":""},"categories":[78,54],"tags":[],"class_list":["post-130401","post","type-post","status-publish","format-standard","hentry","category-economie","category-maroc"],"_links":{"self":[{"href":"https:\/\/linitiative.ca\/International\/wp-json\/wp\/v2\/posts\/130401","targetHints":{"allow":["GET"]}}],"collection":[{"href":"https:\/\/linitiative.ca\/International\/wp-json\/wp\/v2\/posts"}],"about":[{"href":"https:\/\/linitiative.ca\/International\/wp-json\/wp\/v2\/types\/post"}],"author":[{"embeddable":true,"href":"https:\/\/linitiative.ca\/International\/wp-json\/wp\/v2\/users\/1763"}],"replies":[{"embeddable":true,"href":"https:\/\/linitiative.ca\/International\/wp-json\/wp\/v2\/comments?post=130401"}],"version-history":[{"count":0,"href":"https:\/\/linitiative.ca\/International\/wp-json\/wp\/v2\/posts\/130401\/revisions"}],"wp:attachment":[{"href":"https:\/\/linitiative.ca\/International\/wp-json\/wp\/v2\/media?parent=130401"}],"wp:term":[{"taxonomy":"category","embeddable":true,"href":"https:\/\/linitiative.ca\/International\/wp-json\/wp\/v2\/categories?post=130401"},{"taxonomy":"post_tag","embeddable":true,"href":"https:\/\/linitiative.ca\/International\/wp-json\/wp\/v2\/tags?post=130401"}],"curies":[{"name":"wp","href":"https:\/\/api.w.org\/{rel}","templated":true}]}}