{"id":130412,"date":"2021-10-19T05:19:00","date_gmt":"2021-10-19T09:19:00","guid":{"rendered":"https:\/\/linitiative.ca\/International\/samir-saied-sera-le-gouverneur-de-la-tunisie-aux-groupes-de-la-banque-mondiale-la-bad-et-la-bid\/"},"modified":"2021-10-19T05:19:00","modified_gmt":"2021-10-19T09:19:00","slug":"samir-saied-sera-le-gouverneur-de-la-tunisie-aux-groupes-de-la-banque-mondiale-la-bad-et-la-bid","status":"publish","type":"post","link":"https:\/\/linitiative.ca\/International\/samir-saied-sera-le-gouverneur-de-la-tunisie-aux-groupes-de-la-banque-mondiale-la-bad-et-la-bid\/","title":{"rendered":"Samir Sa\u00efed sera le gouverneur de la Tunisie aux Groupes de la Banque mondiale, la BAD et la BID"},"content":{"rendered":"<div><img decoding=\"async\" src=\"https:\/\/linitiative.ca\/International\/wp-content\/uploads\/sites\/23\/2021\/10\/1634631598_article.jpg\" alt=\"Samir Saeid\" align=\"left\">Confirmation. C\u2019est le nouveau ministre de l\u2019Economie et du Plan, Samir Sa\u00efed qui si\u00e8gera en tant que gouverneur pour la Tunisie au conseil des Groupes de la Banque mondiale, de la Banque africaine de d\u00e9veloppement (BAD) et de la Banque Islamique de d\u00e9veloppement (BID).<br \/>\nQuant au Fond mon\u00e9taire international (FMI), c\u2019est toujours le gouverneur de la Banque centrale qui est le gouverneur pour la Tunisie conform\u00e9ment \u00e0 la loi en vigueur.<br \/>\n\u00a0<\/p>\n<\/div>\n<p>Auteur:<br \/>\n<a href=\"https:\/\/www.leaders.com.tn\/article\/32544-samir-saeid\">Cliquez ici pour lire l&rsquo;article depuis sa source.<\/a><\/p>\n","protected":false},"excerpt":{"rendered":"<p>Confirmation. C\u2019est le nouveau ministre de l\u2019Economie et du Plan, Samir Sa\u00efed qui si\u00e8gera en tant que gouverneur pour la Tunisie au conseil des Groupes de la Banque mondiale, de la Banque africaine de d\u00e9veloppement (BAD) et de la Banque Islamique de d\u00e9veloppement (BID). Quant au Fond mon\u00e9taire international (FMI), c\u2019est toujours le gouverneur de [&hellip;]<\/p>\n","protected":false},"author":1772,"featured_media":0,"comment_status":"closed","ping_status":"closed","sticky":false,"template":"","format":"standard","meta":{"fifu_image_url":"http:\/\/www.leaders.com.tn\/uploads\/content\/thumbnails_small\/1634631598_article.jpg","fifu_image_alt":"Samir Sa\u00efed sera le gouverneur de la Tunisie aux Groupes de la Banque mondiale, la BAD et la BID","footnotes":""},"categories":[73,55],"tags":[],"class_list":["post-130412","post","type-post","status-publish","format-standard","hentry","category-actualite","category-tunisie"],"_links":{"self":[{"href":"https:\/\/linitiative.ca\/International\/wp-json\/wp\/v2\/posts\/130412","targetHints":{"allow":["GET"]}}],"collection":[{"href":"https:\/\/linitiative.ca\/International\/wp-json\/wp\/v2\/posts"}],"about":[{"href":"https:\/\/linitiative.ca\/International\/wp-json\/wp\/v2\/types\/post"}],"author":[{"embeddable":true,"href":"https:\/\/linitiative.ca\/International\/wp-json\/wp\/v2\/users\/1772"}],"replies":[{"embeddable":true,"href":"https:\/\/linitiative.ca\/International\/wp-json\/wp\/v2\/comments?post=130412"}],"version-history":[{"count":0,"href":"https:\/\/linitiative.ca\/International\/wp-json\/wp\/v2\/posts\/130412\/revisions"}],"wp:attachment":[{"href":"https:\/\/linitiative.ca\/International\/wp-json\/wp\/v2\/media?parent=130412"}],"wp:term":[{"taxonomy":"category","embeddable":true,"href":"https:\/\/linitiative.ca\/International\/wp-json\/wp\/v2\/categories?post=130412"},{"taxonomy":"post_tag","embeddable":true,"href":"https:\/\/linitiative.ca\/International\/wp-json\/wp\/v2\/tags?post=130412"}],"curies":[{"name":"wp","href":"https:\/\/api.w.org\/{rel}","templated":true}]}}