{"id":130418,"date":"2021-10-19T11:55:00","date_gmt":"2021-10-19T15:55:00","guid":{"rendered":"https:\/\/linitiative.ca\/International\/non-la-tunisie-ne-vit-pas-sous-la-botte-dun-dictateur\/"},"modified":"2021-10-19T11:55:00","modified_gmt":"2021-10-19T15:55:00","slug":"non-la-tunisie-ne-vit-pas-sous-la-botte-dun-dictateur","status":"publish","type":"post","link":"https:\/\/linitiative.ca\/International\/non-la-tunisie-ne-vit-pas-sous-la-botte-dun-dictateur\/","title":{"rendered":"Non, la Tunisie ne vit pas sous la botte d&rsquo;un dictateur"},"content":{"rendered":"<div><img decoding=\"async\" src=\"https:\/\/linitiative.ca\/International\/wp-content\/uploads\/sites\/23\/2021\/10\/1634662557_article.jpg\" alt=\"Non, la Tunisie ne vit pas sous la botte d\" un dictateur align=\"left\">39 personnalit\u00e9s tunisiennes d\u00e9clarent dans ce texte : \u00abLa Tunisie emprunte sa propre voie d\u2019\u00e9mancipation d\u00e9mocratique\u00bb<br \/>\nLe 25 juillet 2021 constitue un tournant historique marqu\u00e9 par des manifestations destin\u00e9es \u00e0 exprimer le rejet massif du r\u00e9gime politique en place depuis 2011.<br \/>\nLes mesures prises par le pr\u00e9sident Kais Saied, ce jour-l\u00e0, constituent une r\u00e9ponse coh\u00e9rente avec la demande populaire d\u2019arr\u00eat d\u2019une exp\u00e9rience qui, sous couvert de \u00ab transition d\u00e9mocratique \u00bb, institua la mainmise des islamistes et de leurs alli\u00e9s sur l\u2019\u00e9conomie et les institutions du pays.<br \/>\nIl en est r\u00e9sult\u00e9 un d\u00e9litement de l\u2019\u00c9tat, un appauvrissement accru des classes &#8230;<\/p>\n<\/div>\n<p>Auteur:<br \/>\n<a href=\"https:\/\/www.leaders.com.tn\/article\/32549-non-la-tunisie-ne-vit-pas-sous-la-botte-d-un-dictateur\">Cliquez ici pour lire l&rsquo;article depuis sa source.<\/a><\/p>\n","protected":false},"excerpt":{"rendered":"<p>39 personnalit\u00e9s tunisiennes d\u00e9clarent dans ce texte : \u00abLa Tunisie emprunte sa propre voie d\u2019\u00e9mancipation d\u00e9mocratique\u00bb Le 25 juillet 2021 constitue un tournant historique marqu\u00e9 par des manifestations destin\u00e9es \u00e0 exprimer le rejet massif du r\u00e9gime politique en place depuis 2011. Les mesures prises par le pr\u00e9sident Kais Saied, ce jour-l\u00e0, constituent une r\u00e9ponse coh\u00e9rente [&hellip;]<\/p>\n","protected":false},"author":1772,"featured_media":0,"comment_status":"closed","ping_status":"closed","sticky":false,"template":"","format":"standard","meta":{"fifu_image_url":"http:\/\/www.leaders.com.tn\/uploads\/content\/thumbnails_small\/1634662557_article.jpg","fifu_image_alt":"<div>Non, la Tunisie ne vit pas sous la botte d'un dictateur<\/div>","footnotes":""},"categories":[73,55],"tags":[],"class_list":["post-130418","post","type-post","status-publish","format-standard","hentry","category-actualite","category-tunisie"],"_links":{"self":[{"href":"https:\/\/linitiative.ca\/International\/wp-json\/wp\/v2\/posts\/130418","targetHints":{"allow":["GET"]}}],"collection":[{"href":"https:\/\/linitiative.ca\/International\/wp-json\/wp\/v2\/posts"}],"about":[{"href":"https:\/\/linitiative.ca\/International\/wp-json\/wp\/v2\/types\/post"}],"author":[{"embeddable":true,"href":"https:\/\/linitiative.ca\/International\/wp-json\/wp\/v2\/users\/1772"}],"replies":[{"embeddable":true,"href":"https:\/\/linitiative.ca\/International\/wp-json\/wp\/v2\/comments?post=130418"}],"version-history":[{"count":0,"href":"https:\/\/linitiative.ca\/International\/wp-json\/wp\/v2\/posts\/130418\/revisions"}],"wp:attachment":[{"href":"https:\/\/linitiative.ca\/International\/wp-json\/wp\/v2\/media?parent=130418"}],"wp:term":[{"taxonomy":"category","embeddable":true,"href":"https:\/\/linitiative.ca\/International\/wp-json\/wp\/v2\/categories?post=130418"},{"taxonomy":"post_tag","embeddable":true,"href":"https:\/\/linitiative.ca\/International\/wp-json\/wp\/v2\/tags?post=130418"}],"curies":[{"name":"wp","href":"https:\/\/api.w.org\/{rel}","templated":true}]}}