{"id":130427,"date":"2021-10-19T16:14:00","date_gmt":"2021-10-19T20:14:00","guid":{"rendered":"https:\/\/linitiative.ca\/International\/tunisie-sousse-pas-de-deces-au-covid-depuis-quatre-jours\/"},"modified":"2021-10-19T16:14:00","modified_gmt":"2021-10-19T20:14:00","slug":"tunisie-sousse-pas-de-deces-au-covid-depuis-quatre-jours","status":"publish","type":"post","link":"https:\/\/linitiative.ca\/International\/tunisie-sousse-pas-de-deces-au-covid-depuis-quatre-jours\/","title":{"rendered":"Tunisie \u2013 Sousse\u00a0: Pas de d\u00e9c\u00e8s au covid depuis quatre jours"},"content":{"rendered":"<div>\n<p>La responsable de la communication \u00e0 la direction r\u00e9gionale de la sant\u00e9 de Sousse a annonc\u00e9, ce mardi, que la r\u00e9gion n\u2019a enregistr\u00e9 aucun nouveau cas de covid, sur les derni\u00e8res 24 heures. Elle a, par ailleurs, ajout\u00e9 qu\u2019aucun d\u00e9c\u00e8s du \u00e0 la maladie n\u2019a \u00e9t\u00e9 enregistr\u00e9 dans la r\u00e9gion de Sousse, depuis 4 jours.<\/p>\n<p>L\u2019article <a href=\"https:\/\/www.tunisienumerique.com\/tunisie-sousse-pas-de-deces-au-covid-depuis-quatre-jours\/\">Tunisie \u2013 Sousse\u00a0: Pas de d\u00e9c\u00e8s au covid depuis quatre jours<\/a> est apparu en premier sur <a href=\"https:\/\/www.tunisienumerique.com\/\">Tunisie<\/a>.<\/p>\n<\/div>\n<p>Auteur: LM<br \/>\n<a href=\"https:\/\/www.tunisienumerique.com\/tunisie-sousse-pas-de-deces-au-covid-depuis-quatre-jours\/\">Cliquez ici pour lire l&rsquo;article depuis sa source.<\/a><\/p>\n","protected":false},"excerpt":{"rendered":"<p>La responsable de la communication \u00e0 la direction r\u00e9gionale de la sant\u00e9 de Sousse a annonc\u00e9, ce mardi, que la r\u00e9gion n\u2019a enregistr\u00e9 aucun nouveau cas de covid, sur les derni\u00e8res 24 heures. Elle a, par ailleurs, ajout\u00e9 qu\u2019aucun d\u00e9c\u00e8s du \u00e0 la maladie n\u2019a \u00e9t\u00e9 enregistr\u00e9 dans la r\u00e9gion de Sousse, depuis 4 jours. [&hellip;]<\/p>\n","protected":false},"author":1789,"featured_media":0,"comment_status":"closed","ping_status":"closed","sticky":false,"template":"","format":"standard","meta":{"fifu_image_url":"","fifu_image_alt":"","footnotes":""},"categories":[73,55],"tags":[],"class_list":["post-130427","post","type-post","status-publish","format-standard","hentry","category-actualite","category-tunisie"],"_links":{"self":[{"href":"https:\/\/linitiative.ca\/International\/wp-json\/wp\/v2\/posts\/130427","targetHints":{"allow":["GET"]}}],"collection":[{"href":"https:\/\/linitiative.ca\/International\/wp-json\/wp\/v2\/posts"}],"about":[{"href":"https:\/\/linitiative.ca\/International\/wp-json\/wp\/v2\/types\/post"}],"author":[{"embeddable":true,"href":"https:\/\/linitiative.ca\/International\/wp-json\/wp\/v2\/users\/1789"}],"replies":[{"embeddable":true,"href":"https:\/\/linitiative.ca\/International\/wp-json\/wp\/v2\/comments?post=130427"}],"version-history":[{"count":0,"href":"https:\/\/linitiative.ca\/International\/wp-json\/wp\/v2\/posts\/130427\/revisions"}],"wp:attachment":[{"href":"https:\/\/linitiative.ca\/International\/wp-json\/wp\/v2\/media?parent=130427"}],"wp:term":[{"taxonomy":"category","embeddable":true,"href":"https:\/\/linitiative.ca\/International\/wp-json\/wp\/v2\/categories?post=130427"},{"taxonomy":"post_tag","embeddable":true,"href":"https:\/\/linitiative.ca\/International\/wp-json\/wp\/v2\/tags?post=130427"}],"curies":[{"name":"wp","href":"https:\/\/api.w.org\/{rel}","templated":true}]}}