{"id":130429,"date":"2021-10-19T16:58:57","date_gmt":"2021-10-19T20:58:57","guid":{"rendered":"https:\/\/linitiative.ca\/International\/appel-de-lue-a-la-reprise-des-travaux-parlementaires-slaheddine-jourchi-audio-la-tunisie-est-devant-un-dilemme\/"},"modified":"2021-10-19T16:58:57","modified_gmt":"2021-10-19T20:58:57","slug":"appel-de-lue-a-la-reprise-des-travaux-parlementaires-slaheddine-jourchi-audio-la-tunisie-est-devant-un-dilemme","status":"publish","type":"post","link":"https:\/\/linitiative.ca\/International\/appel-de-lue-a-la-reprise-des-travaux-parlementaires-slaheddine-jourchi-audio-la-tunisie-est-devant-un-dilemme\/","title":{"rendered":"Appel de l\u2019UE \u00e0 la reprise des travaux parlementaires \u2013 Slaheddine Jourchi [AUDIO] : \u00ab La Tunisie est devant un dilemme\u00bb"},"content":{"rendered":"<div>\n<p>Le politologue Slaheddine Jourchi, a affirm\u00e9 dans une d\u00e9claration accord\u00e9e \u00e0 Tunisienumerique aujourd\u2019hui 19 octobre 2021, que le communiqu\u00e9 du parlement europ\u00e9en \u00e0 l\u2019issue de sa r\u00e9union \u00e9tait \u00ab\u00a0attendu\u00a0\u00bb et ce en termes de revendications \u00e9nonc\u00e9es ou en termes du ton adopt\u00e9, exer\u00e7ant une pression sur l\u2019Etat tunisien et sur le chef de l\u2019Etat. M. [\u2026]<\/p>\n<p>L\u2019article <a href=\"https:\/\/www.tunisienumerique.com\/appel-de-lue-a-la-reprise-des-travaux-parlementaires-slaheddine-jourchi-audio-la-tunisie-est-devant-un-dilemme\/\">Appel de l\u2019UE \u00e0 la reprise des travaux parlementaires \u2013 Slaheddine Jourchi [AUDIO] : \u00ab La Tunisie est devant un dilemme\u00bb<\/a> est apparu en premier sur <a href=\"https:\/\/www.tunisienumerique.com\/\">Tunisie<\/a>.<\/p>\n<\/div>\n<p>Auteur: rania ben slimane<br \/>\n<a href=\"https:\/\/www.tunisienumerique.com\/appel-de-lue-a-la-reprise-des-travaux-parlementaires-slaheddine-jourchi-audio-la-tunisie-est-devant-un-dilemme\/\">Cliquez ici pour lire l&rsquo;article depuis sa source.<\/a><\/p>\n","protected":false},"excerpt":{"rendered":"<p>Le politologue Slaheddine Jourchi, a affirm\u00e9 dans une d\u00e9claration accord\u00e9e \u00e0 Tunisienumerique aujourd\u2019hui 19 octobre 2021, que le communiqu\u00e9 du parlement europ\u00e9en \u00e0 l\u2019issue de sa r\u00e9union \u00e9tait \u00ab\u00a0attendu\u00a0\u00bb et ce en termes de revendications \u00e9nonc\u00e9es ou en termes du ton adopt\u00e9, exer\u00e7ant une pression sur l\u2019Etat tunisien et sur le chef de l\u2019Etat. M. [&hellip;]<\/p>\n","protected":false},"author":1789,"featured_media":0,"comment_status":"closed","ping_status":"closed","sticky":false,"template":"","format":"standard","meta":{"fifu_image_url":"","fifu_image_alt":"","footnotes":""},"categories":[73,55],"tags":[],"class_list":["post-130429","post","type-post","status-publish","format-standard","hentry","category-actualite","category-tunisie"],"_links":{"self":[{"href":"https:\/\/linitiative.ca\/International\/wp-json\/wp\/v2\/posts\/130429","targetHints":{"allow":["GET"]}}],"collection":[{"href":"https:\/\/linitiative.ca\/International\/wp-json\/wp\/v2\/posts"}],"about":[{"href":"https:\/\/linitiative.ca\/International\/wp-json\/wp\/v2\/types\/post"}],"author":[{"embeddable":true,"href":"https:\/\/linitiative.ca\/International\/wp-json\/wp\/v2\/users\/1789"}],"replies":[{"embeddable":true,"href":"https:\/\/linitiative.ca\/International\/wp-json\/wp\/v2\/comments?post=130429"}],"version-history":[{"count":0,"href":"https:\/\/linitiative.ca\/International\/wp-json\/wp\/v2\/posts\/130429\/revisions"}],"wp:attachment":[{"href":"https:\/\/linitiative.ca\/International\/wp-json\/wp\/v2\/media?parent=130429"}],"wp:term":[{"taxonomy":"category","embeddable":true,"href":"https:\/\/linitiative.ca\/International\/wp-json\/wp\/v2\/categories?post=130429"},{"taxonomy":"post_tag","embeddable":true,"href":"https:\/\/linitiative.ca\/International\/wp-json\/wp\/v2\/tags?post=130429"}],"curies":[{"name":"wp","href":"https:\/\/api.w.org\/{rel}","templated":true}]}}