{"id":130431,"date":"2021-10-19T17:05:29","date_gmt":"2021-10-19T21:05:29","guid":{"rendered":"https:\/\/linitiative.ca\/International\/tunisie-les-partenaires-et-donateurs-plus-decides-que-jamais-a-fermer-les-vannes-des-aides-financieres\/"},"modified":"2021-10-19T17:05:29","modified_gmt":"2021-10-19T21:05:29","slug":"tunisie-les-partenaires-et-donateurs-plus-decides-que-jamais-a-fermer-les-vannes-des-aides-financieres","status":"publish","type":"post","link":"https:\/\/linitiative.ca\/International\/tunisie-les-partenaires-et-donateurs-plus-decides-que-jamais-a-fermer-les-vannes-des-aides-financieres\/","title":{"rendered":"Tunisie \u2013 Les partenaires et donateurs plus d\u00e9cid\u00e9s que jamais \u00e0 fermer les vannes des aides financi\u00e8res\u00a0!"},"content":{"rendered":"<div>\n<p>Ce qui devait arriver, est, \u00e0 ce qu\u2019il parait, sur le point d\u2019arriver. Tous les observateurs ont, en effet, averti, depuis le lendemain du 25 juillet dernier, que la politique d\u2019isolement de la Tunisie sur le plan international, risquait de lui co\u00fbter trop cher. Ils ont averti qu\u2019un pays dans le besoin, ne pourrait se [\u2026]<\/p>\n<p>L\u2019article <a href=\"https:\/\/www.tunisienumerique.com\/tunisie-les-partenaires-et-donateurs-plus-decides-que-jamais-a-fermer-les-vannes-des-aides-financieres\/\">Tunisie \u2013 Les partenaires et donateurs plus d\u00e9cid\u00e9s que jamais \u00e0 fermer les vannes des aides financi\u00e8res\u00a0!<\/a> est apparu en premier sur <a href=\"https:\/\/www.tunisienumerique.com\/\">Tunisie<\/a>.<\/p>\n<\/div>\n<p>Auteur: Ramsis<br \/>\n<a href=\"https:\/\/www.tunisienumerique.com\/tunisie-les-partenaires-et-donateurs-plus-decides-que-jamais-a-fermer-les-vannes-des-aides-financieres\/\">Cliquez ici pour lire l&rsquo;article depuis sa source.<\/a><\/p>\n","protected":false},"excerpt":{"rendered":"<p>Ce qui devait arriver, est, \u00e0 ce qu\u2019il parait, sur le point d\u2019arriver. Tous les observateurs ont, en effet, averti, depuis le lendemain du 25 juillet dernier, que la politique d\u2019isolement de la Tunisie sur le plan international, risquait de lui co\u00fbter trop cher. Ils ont averti qu\u2019un pays dans le besoin, ne pourrait se [&hellip;]<\/p>\n","protected":false},"author":1789,"featured_media":0,"comment_status":"closed","ping_status":"closed","sticky":false,"template":"","format":"standard","meta":{"fifu_image_url":"","fifu_image_alt":"","footnotes":""},"categories":[73,55],"tags":[],"class_list":["post-130431","post","type-post","status-publish","format-standard","hentry","category-actualite","category-tunisie"],"_links":{"self":[{"href":"https:\/\/linitiative.ca\/International\/wp-json\/wp\/v2\/posts\/130431","targetHints":{"allow":["GET"]}}],"collection":[{"href":"https:\/\/linitiative.ca\/International\/wp-json\/wp\/v2\/posts"}],"about":[{"href":"https:\/\/linitiative.ca\/International\/wp-json\/wp\/v2\/types\/post"}],"author":[{"embeddable":true,"href":"https:\/\/linitiative.ca\/International\/wp-json\/wp\/v2\/users\/1789"}],"replies":[{"embeddable":true,"href":"https:\/\/linitiative.ca\/International\/wp-json\/wp\/v2\/comments?post=130431"}],"version-history":[{"count":0,"href":"https:\/\/linitiative.ca\/International\/wp-json\/wp\/v2\/posts\/130431\/revisions"}],"wp:attachment":[{"href":"https:\/\/linitiative.ca\/International\/wp-json\/wp\/v2\/media?parent=130431"}],"wp:term":[{"taxonomy":"category","embeddable":true,"href":"https:\/\/linitiative.ca\/International\/wp-json\/wp\/v2\/categories?post=130431"},{"taxonomy":"post_tag","embeddable":true,"href":"https:\/\/linitiative.ca\/International\/wp-json\/wp\/v2\/tags?post=130431"}],"curies":[{"name":"wp","href":"https:\/\/api.w.org\/{rel}","templated":true}]}}