{"id":130437,"date":"2021-10-19T17:32:05","date_gmt":"2021-10-19T21:32:05","guid":{"rendered":"https:\/\/linitiative.ca\/International\/competition-officielle-long-metrage-les-3-lascars-presente-aux-journalistes\/"},"modified":"2021-10-19T17:32:05","modified_gmt":"2021-10-19T21:32:05","slug":"competition-officielle-long-metrage-les-3-lascars-presente-aux-journalistes","status":"publish","type":"post","link":"https:\/\/linitiative.ca\/International\/competition-officielle-long-metrage-les-3-lascars-presente-aux-journalistes\/","title":{"rendered":"Comp\u00e9tition officielle long m\u00e9trage : \u00ab Les 3 Lascars \u00bb pr\u00e9sent\u00e9 aux journalistes"},"content":{"rendered":"<div>\n<p><strong>Le film \u00ab Les trois Lascars \u00bb du r\u00e9alisateur et producteur burkinab\u00e8, Boubacar Diallo, en comp\u00e9tition pour l\u2019Etalon d\u2019or de Yennenga, a \u00e9t\u00e9 pr\u00e9sent\u00e9 en projection presse, au cin\u00e9 Burkina, le lundi 18 octobre 2021, \u00e0 Ouagadougou.<\/strong><\/p>\n<p>\u00abLes trois Lascars \u00bb du r\u00e9alisateur et producteur burkinab\u00e8, Boubacar Diallo, fait partie des 17 films fictions longs m\u00e9trages \u00e0 la conqu\u00eate de l\u2019Etalon de Yennenga (or, argent, bronze) pour cet 27e Festival panafricain du cin\u00e9ma et de la t\u00e9l\u00e9vision de Ouagadougou (FESPACO). Le film a \u00e9t\u00e9 pr\u00e9sent\u00e9 \u00e0 la presse et \u00e0 des cin\u00e9philes, le lundi 18 octobre 2021, \u00e0 Ouagadougou, au Cin\u00e9 Burkina. Sa projection va se poursuivre dans les salles de cin\u00e9. Riche en son, lumi\u00e8re et en actions, ce film de 90 minutes est ax\u00e9 sur des faits sociaux avec trois principaux acteurs. Il d\u00e9crit les d\u00e9rives dans les couples, marqu\u00e9s parfois par l\u2019infid\u00e9lit\u00e9, le mensonge et la tromperie.<\/p>\n<p>Ainsi, les trois acteurs principaux du film entretenaient tous, des relations extra-foyer avec cette cat\u00e9gorie de jeunes filles c\u00e9libataires commu-n\u00e9ment appel\u00e9es \u00ab Tchiza \u00bb (ma\u00eetresse, dans le langage de la rue, ndlr). Le hic est que sous la pression de ces ma\u00eetresses \u00ab sexy et tr\u00e8s raffin\u00e9es \u00bb, les trois amis vont organiser une vir\u00e9e extraconjugale de quelques jours hors de Ouagadougou. Une mission \u00ab imaginaire \u00bb \u00e0 Abidjan en C\u00f4te d\u2019Ivoire est l\u2019alibi parfait. Mais quel cauchemar lorsqu\u2019ils apprennent que l\u2019avion \u00e0 bord duquel ils devaient voyager, a fait un crash et qu\u2019il n\u2019y a eu aucun survivant ! Probl\u00e9matique, comment revenir \u00e0 la vie lorsque l\u2019on est suppos\u00e9 \u00eatre mort ?<\/p>\n<p>A l\u2019annonce de la nouvelle du crash \u00e0 la t\u00e9l\u00e9vision et sur les r\u00e9seaux sociaux, c\u2019est le deuil dans les trois foyers. Les concern\u00e9s qui \u00e9taient en vill\u00e9giature avec leur \u00ab Tchiza \u00bb sur une \u00eele isol\u00e9e de la campagne burkinab\u00e8 et coup\u00e9s de toutes les nouvelles du monde apprendront la nouvelle plusieurs heures apr\u00e8s. Comment revenir \u00e0 la vie, et dans un foyer<\/p>\n<figure id=\"attachment_40958\" aria-describedby=\"caption-attachment-40958\" style=\"width: 300px\" class=\"wp-caption alignleft\"><img decoding=\"async\" loading=\"lazy\" class=\"size-medium wp-image-40958\" src=\"https:\/\/linitiative.ca\/International\/wp-content\/uploads\/sites\/23\/2021\/10\/lascare2-300x168-1.gif\" alt=\"\" width=\"300\" height=\"168\" srcset=\"https:\/\/linitiative.ca\/International\/wp-content\/uploads\/sites\/23\/2021\/10\/lascare2-300x168-1.gif 300w, https:\/\/www.sidwaya.info\/wp-content\/uploads\/2021\/10\/lascare2-768x430.gif 768w, https:\/\/www.sidwaya.info\/wp-content\/uploads\/2021\/10\/lascare2-150x84.gif 150w, https:\/\/www.sidwaya.info\/wp-content\/uploads\/2021\/10\/lascare2-696x390.gif 696w, https:\/\/www.sidwaya.info\/wp-content\/uploads\/2021\/10\/lascare2-750x420.gif 750w\" sizes=\"auto, (max-width: 300px) 100vw, 300px\"><figcaption id=\"caption-attachment-40958\" class=\"wp-caption-text\">Les cin\u00e9philes ont appr\u00e9ci\u00e9 le casting, le son et les images dudit film.<\/figcaption><\/figure>\n<p>dont on tient autant ? Mais dans le sc\u00e9nario, les acteurs ont fini par faire leur mea culpa, se sont humil\u00e9s face \u00e0 la gravit\u00e9 de leurs mensonges. Ils ont demand\u00e9 publique-ment pardon comme l\u2019exige la tradition. La vengeance de leurs \u00e9pouses sera cependant s\u00e9v\u00e8re certes, mais au finish, chaque \u00ab lascar \u00bb sauvera sa famille. Pour le r\u00e9alisateur, Boubakar Diallo, le film s\u2019est fait de fa\u00e7on acc\u00e9l\u00e9r\u00e9e et boucl\u00e9e en six mois.<\/p>\n<p>Il a, selon M. Diallo, co\u00fbt\u00e9 la somme de 151 millions F CFA. Les castings, selon lui, se sont d\u00e9roul\u00e9s entre le Burkina Faso et la C\u00f4te d\u2019Ivoire. Pour l\u2019actrice com\u00e9dienne, Augusta Palenfo, qui a suivi le film, il s\u2019agit d\u2019une grande r\u00e9alisation destin\u00e9e \u00e0 un grand public. Elle a indiqu\u00e9 avoir appr\u00e9ci\u00e9 le r\u00f4le de chaque acteur et a rappel\u00e9 que la le\u00e7on de vie que le film incarne semble relever du d\u00e9j\u00e0 vu ou entendu. \u00ab Ce long m\u00e9trage nous sensibilise tous. Il d\u00e9veloppe la triste r\u00e9alit\u00e9 de l\u2019existence des \u00ab Tchiza \u00bb et nous sensibilise en m\u00eame temps de cultiver la fid\u00e9lit\u00e9 autant que faire se peut \u00bb, a conseill\u00e9 l\u2019actrice.<\/p>\n<p style=\"text-align: right\"><strong>Wanl\u00e9 G\u00e9rard COULIBALY <\/strong><\/p>\n<p>L\u2019article <a rel=\"nofollow\" href=\"https:\/\/www.sidwaya.info\/blog\/2021\/10\/19\/competition-officielle-long-metrage-les-3-lascars-presente-aux-journalistes\/\">Comp\u00e9tition officielle long m\u00e9trage : \u00ab Les 3 Lascars \u00bb pr\u00e9sent\u00e9 aux journalistes<\/a> est apparu en premier sur <a rel=\"nofollow\" href=\"https:\/\/www.sidwaya.info\/\">Quotidien Sidwaya<\/a>.<\/p>\n<\/div>\n<p>Auteur: JK. Sidwaya<br \/>\n<a href=\"https:\/\/www.sidwaya.info\/blog\/2021\/10\/19\/competition-officielle-long-metrage-les-3-lascars-presente-aux-journalistes\/\">Cliquez ici pour lire l&rsquo;article depuis sa source.<\/a><\/p>\n","protected":false},"excerpt":{"rendered":"<p>Le film \u00ab Les trois Lascars \u00bb du r\u00e9alisateur et producteur burkinab\u00e8, Boubacar Diallo, en comp\u00e9tition pour l\u2019Etalon d\u2019or de Yennenga, a \u00e9t\u00e9 pr\u00e9sent\u00e9 en projection presse, au cin\u00e9 Burkina, le lundi 18 octobre 2021, \u00e0 Ouagadougou. \u00abLes trois Lascars \u00bb du r\u00e9alisateur et producteur burkinab\u00e8, Boubacar Diallo, fait partie des 17 films fictions longs [&hellip;]<\/p>\n","protected":false},"author":1816,"featured_media":0,"comment_status":"closed","ping_status":"closed","sticky":false,"template":"","format":"standard","meta":{"fifu_image_url":"https:\/\/www.sidwaya.info\/wp-content\/uploads\/2021\/10\/lascare2-300x168.gif","fifu_image_alt":"Comp\u00e9tition officielle long m\u00e9trage : \u00ab Les 3 Lascars \u00bb pr\u00e9sent\u00e9 aux journalistes","footnotes":""},"categories":[73,81],"tags":[],"class_list":["post-130437","post","type-post","status-publish","format-standard","hentry","category-actualite","category-burkina-faso"],"_links":{"self":[{"href":"https:\/\/linitiative.ca\/International\/wp-json\/wp\/v2\/posts\/130437","targetHints":{"allow":["GET"]}}],"collection":[{"href":"https:\/\/linitiative.ca\/International\/wp-json\/wp\/v2\/posts"}],"about":[{"href":"https:\/\/linitiative.ca\/International\/wp-json\/wp\/v2\/types\/post"}],"author":[{"embeddable":true,"href":"https:\/\/linitiative.ca\/International\/wp-json\/wp\/v2\/users\/1816"}],"replies":[{"embeddable":true,"href":"https:\/\/linitiative.ca\/International\/wp-json\/wp\/v2\/comments?post=130437"}],"version-history":[{"count":0,"href":"https:\/\/linitiative.ca\/International\/wp-json\/wp\/v2\/posts\/130437\/revisions"}],"wp:attachment":[{"href":"https:\/\/linitiative.ca\/International\/wp-json\/wp\/v2\/media?parent=130437"}],"wp:term":[{"taxonomy":"category","embeddable":true,"href":"https:\/\/linitiative.ca\/International\/wp-json\/wp\/v2\/categories?post=130437"},{"taxonomy":"post_tag","embeddable":true,"href":"https:\/\/linitiative.ca\/International\/wp-json\/wp\/v2\/tags?post=130437"}],"curies":[{"name":"wp","href":"https:\/\/api.w.org\/{rel}","templated":true}]}}