{"id":130439,"date":"2021-10-19T13:18:02","date_gmt":"2021-10-19T17:18:02","guid":{"rendered":"https:\/\/linitiative.ca\/International\/un-individu-tue-et-un-gendarme-blesse-dans-le-nord-est-ivoirien\/"},"modified":"2021-10-19T13:18:02","modified_gmt":"2021-10-19T17:18:02","slug":"un-individu-tue-et-un-gendarme-blesse-dans-le-nord-est-ivoirien","status":"publish","type":"post","link":"https:\/\/linitiative.ca\/International\/un-individu-tue-et-un-gendarme-blesse-dans-le-nord-est-ivoirien\/","title":{"rendered":"Un individu tu\u00e9 et un gendarme bless\u00e9 dans le Nord-Est ivoirien"},"content":{"rendered":"<div>\n<p><img loading=\"lazy\" decoding=\"async\" width=\"512\" height=\"269\" src=\"https:\/\/linitiative.ca\/International\/wp-content\/uploads\/sites\/23\/2021\/10\/16346638821103.jpg\" class=\"attachment-post-thumbnail size-post-thumbnail wp-post-image\" alt=\"\" srcset=\"https:\/\/linitiative.ca\/International\/wp-content\/uploads\/sites\/23\/2021\/10\/16346638821103.jpg 512w, https:\/\/www.journalducameroun.com\/wp-content\/uploads\/2021\/10\/16346638821103-300x158.jpg 300w\" sizes=\"auto, (max-width: 512px) 100vw, 512px\"><\/p>\n<p>Un individu non identit\u00e9 a \u00e9t\u00e9 tu\u00e9 et un gendarme bless\u00e9, mardi, dans une attaque \u00e0 Gogobel, une localit\u00e9 situ\u00e9e sur l&rsquo;axe T\u00e9hini-Doropo, dans le Nord-Est ivoirien, selon une source s\u00e9curitaire.<\/p>\n<p>\u00a0Aux environs de 09h (GMT, heure locale), ce jour, un gendarme a essuy\u00e9 des coups de feu \u00a0des individus non identifi\u00e9s, indique cette source qui rapporte qu&rsquo;avis\u00e9s, des \u00e9l\u00e9ments de la brigade ont effectu\u00e9 \u00ab\u00a0un bouclage de la zone, o\u00f9 au cours d&rsquo;un ratissage un individu suspect a \u00e9t\u00e9 tu\u00e9\u00a0\u00bb.<\/p>\n<p>L&rsquo;op\u00e9ration s\u00e9curitaire a \u00e9t\u00e9 engag\u00e9e apr\u00e8s \u00ab\u00a0une agression \u00e0 arme \u00e0 feu sur le Mar\u00e9chal des logis, Adom Guy Martial\u00a0\u00bb, par des individus non identifi\u00e9s, a pr\u00e9cis\u00e9 cette source, soulignant que le pronostic vital du gendarme \u00ab\u00a0n&rsquo;est pas engag\u00e9\u00a0\u00bb.<\/p>\n<p>Pour l&rsquo;heure, l&rsquo;on d\u00e9nombre un mort c\u00f4t\u00e9 ennemi, a-t-elle mentionn\u00e9, faisant savoir que le bless\u00e9 est transf\u00e9r\u00e9 au centre de sant\u00e9 de T\u00e9hini pour les soins et des unit\u00e9s sont en alerte pour s\u00e9curiser la zone.<\/p>\n<p>Deux soldats ivoiriens ont \u00e9t\u00e9 tu\u00e9es mercredi dernier \u00e0 la suite d&rsquo;une attaque d&rsquo;individus arm\u00e9s ayant vis\u00e9 le poste de s\u00e9curit\u00e9 de Ti\u00e9messon, situ\u00e9 sur l&rsquo;axe Du\u00e9kou\u00e9-Bangolo, dans l&rsquo;Ouest de la C\u00f4te d&rsquo;Ivoire.\u00a0<\/p>\n<p>L&rsquo;assaut a eu lieu vers 04h au poste de contr\u00f4le mixte de Ti\u00e9messon \u00e0 09 Km de Gu\u00e9hi\u00e9bly (22km axe Duekou\u00e9-Bangolo). Ce poste qui comprenait quatre gendarmes et un agent des eaux et for\u00eats avait \u00ab\u00a0essuy\u00e9 les coups de feu de deux bin\u00f4mes \u00e0 moto\u00a0\u00bb, faisant deux soldats tu\u00e9s.<\/p>\n<p>Cet article <a rel=\"nofollow\" href=\"https:\/\/www.journalducameroun.com\/un-individu-tue-et-un-gendarme-blesse-dans-le-nord-est-ivoirien\/\">Un individu tu\u00e9 et un gendarme bless\u00e9 dans le Nord-Est ivoirien<\/a> est apparu en premier sur <a rel=\"nofollow\" href=\"https:\/\/www.journalducameroun.com\/\">Journal du Cameroun<\/a>.<\/p>\n<\/div>\n<p>Auteur: APA News<br \/>\n<a href=\"https:\/\/www.journalducameroun.com\/un-individu-tue-et-un-gendarme-blesse-dans-le-nord-est-ivoirien\/\">Cliquez ici pour lire l&rsquo;article depuis sa source.<\/a><\/p>\n","protected":false},"excerpt":{"rendered":"<p>Un individu non identit\u00e9 a \u00e9t\u00e9 tu\u00e9 et un gendarme bless\u00e9, mardi, dans une attaque \u00e0 Gogobel, une localit\u00e9 situ\u00e9e sur l&rsquo;axe T\u00e9hini-Doropo, dans le Nord-Est ivoirien, selon une source s\u00e9curitaire. \u00a0Aux environs de 09h (GMT, heure locale), ce jour, un gendarme a essuy\u00e9 des coups de feu \u00a0des individus non identifi\u00e9s, indique cette source [&hellip;]<\/p>\n","protected":false},"author":1965,"featured_media":0,"comment_status":"closed","ping_status":"closed","sticky":false,"template":"","format":"standard","meta":{"fifu_image_url":"https:\/\/www.journalducameroun.com\/wp-content\/uploads\/2021\/10\/16346638821103.jpg","fifu_image_alt":"Un individu tu\u00e9 et un gendarme bless\u00e9 dans le Nord-Est ivoirien","footnotes":""},"categories":[73,82],"tags":[],"class_list":["post-130439","post","type-post","status-publish","format-standard","hentry","category-actualite","category-cameroun"],"_links":{"self":[{"href":"https:\/\/linitiative.ca\/International\/wp-json\/wp\/v2\/posts\/130439","targetHints":{"allow":["GET"]}}],"collection":[{"href":"https:\/\/linitiative.ca\/International\/wp-json\/wp\/v2\/posts"}],"about":[{"href":"https:\/\/linitiative.ca\/International\/wp-json\/wp\/v2\/types\/post"}],"author":[{"embeddable":true,"href":"https:\/\/linitiative.ca\/International\/wp-json\/wp\/v2\/users\/1965"}],"replies":[{"embeddable":true,"href":"https:\/\/linitiative.ca\/International\/wp-json\/wp\/v2\/comments?post=130439"}],"version-history":[{"count":0,"href":"https:\/\/linitiative.ca\/International\/wp-json\/wp\/v2\/posts\/130439\/revisions"}],"wp:attachment":[{"href":"https:\/\/linitiative.ca\/International\/wp-json\/wp\/v2\/media?parent=130439"}],"wp:term":[{"taxonomy":"category","embeddable":true,"href":"https:\/\/linitiative.ca\/International\/wp-json\/wp\/v2\/categories?post=130439"},{"taxonomy":"post_tag","embeddable":true,"href":"https:\/\/linitiative.ca\/International\/wp-json\/wp\/v2\/tags?post=130439"}],"curies":[{"name":"wp","href":"https:\/\/api.w.org\/{rel}","templated":true}]}}