{"id":130441,"date":"2021-10-19T13:34:01","date_gmt":"2021-10-19T17:34:01","guid":{"rendered":"https:\/\/linitiative.ca\/International\/covid-19-le-barreau-du-cameroun-soppose-a-la-pression-vaccinale-du-gouvernement\/"},"modified":"2021-10-19T13:34:01","modified_gmt":"2021-10-19T17:34:01","slug":"covid-19-le-barreau-du-cameroun-soppose-a-la-pression-vaccinale-du-gouvernement","status":"publish","type":"post","link":"https:\/\/linitiative.ca\/International\/covid-19-le-barreau-du-cameroun-soppose-a-la-pression-vaccinale-du-gouvernement\/","title":{"rendered":"Covid-19 : le Barreau du Cameroun s\u2019oppose \u00e0 la pression vaccinale du gouvernement"},"content":{"rendered":"<div>\n<p><img loading=\"lazy\" decoding=\"async\" width=\"1008\" height=\"454\" src=\"https:\/\/linitiative.ca\/International\/wp-content\/uploads\/sites\/23\/2021\/10\/IMG-20210412-WA0012-1.jpg\" class=\"attachment-post-thumbnail size-post-thumbnail wp-post-image\" alt=\"Cameroun : le ministre Manaouda Malachie premier vaccin\u00e9 contre la Covid-19\" srcset=\"https:\/\/linitiative.ca\/International\/wp-content\/uploads\/sites\/23\/2021\/10\/IMG-20210412-WA0012-1.jpg 1008w, https:\/\/www.journalducameroun.com\/wp-content\/uploads\/2021\/04\/IMG-20210412-WA0012-1-300x135.jpg 300w, https:\/\/www.journalducameroun.com\/wp-content\/uploads\/2021\/04\/IMG-20210412-WA0012-1-768x346.jpg 768w, https:\/\/www.journalducameroun.com\/wp-content\/uploads\/2021\/04\/IMG-20210412-WA0012-1-977x440.jpg 977w, https:\/\/www.journalducameroun.com\/wp-content\/uploads\/2021\/04\/IMG-20210412-WA0012-1-600x270.jpg 600w\" sizes=\"auto, (max-width: 1008px) 100vw, 1008px\"><\/p>\n<h5 style=\"text-align: justify;\">Dans une d\u00e9claration publi\u00e9e cette mi-octobre, la Commission des Droits de l\u2019Homme et des Libert\u00e9s du Barreau du Cameroun d\u00e9plore les moyens de pression employ\u00e9s par les pouvoirs publics pour amener les citoyens \u00e0 se faire vacciner.<\/h5>\n<p style=\"text-align: justify;\">\n<p style=\"text-align: justify;\">\n<p style=\"text-align: justify;\">\n<p style=\"text-align: justify;\">Pour \u00a0la Commission des Droits de l\u2019Homme et des Libert\u00e9s du Barreau du\u00a0Cameroun, il s\u2019agit d\u2019une \u00ab<em> atteinte grave aux libert\u00e9s<\/em>\u00a0des citoyens\u00a0\u00bb.<\/p>\n<p style=\"text-align: justify;\">Son pr\u00e9sident, Me\u00a0<strong>Christian Daniel Bissou<\/strong>, soutient que <em>\u00a0\u00ab\u00a0seul le l\u00e9gislateur a le pouvoir de d\u00e9terminer le caract\u00e8re obligatoire des vaccins pour les motifs de sant\u00e9 publique\u00a0\u00bb.\u00a0<\/em>\u00a0Les ministre et autres autorit\u00e9s administratives seraient donc en situation d&rsquo;abus.<\/p>\n<p style=\"text-align: justify;\">Il souligne qu\u2019il n\u2019existe aucun texte au niveau national comme international qui institue l\u2019obligation \u00e0 un vaccin, fut-il celui contre la <strong>Covid-19<\/strong>, dont la nature meurtri\u00e8re n\u2019est pas r\u00e9futable.<\/p>\n<p style=\"text-align: justify;\"><em>\u00ab\u00a0La vaccination n\u2019\u00e9tant pas obligatoire de lege lata, les personnes non vaccin\u00e9es ne doivent pas subir de discriminations comme semble l\u2019indiquer les communiqu\u00e9s des administrations publiques\u00a0\u00bb<\/em>, ajoute Me Christian Daniel Bissou.<\/p>\n<p style=\"text-align: justify;\">Cette d\u00e9claration intervient au moment o\u00f9 plusieurs administrations publiques font obligation au personnel de pr\u00e9senter des tests Covid-19 n\u00e9gatifs tous les 72 heures \u00e0 d\u00e9faut d&rsquo;un carnet de vaccination attestant d\u2019une protection contre le virus.<\/p>\n<p style=\"text-align: justify;\">Dans ce registre, on peut citer notamment la pr\u00e9sidence de la R\u00e9publique, le minist\u00e8re de la Sant\u00e9 publique, le minist\u00e8re de l\u2019Administration territoriale, la Soci\u00e9t\u00e9 de presse et d\u2019\u00e9dition et \u00a0le minist\u00e8re de la Fonction publique.<\/p>\n<p style=\"text-align: justify;\">Le ministre de la Sant\u00e9 publique, <strong>Manaouda Malachie<\/strong>,\u00a0 d\u00e9fend cette campagne massive de vaccination en arguant que la loi interdit \u00e0 toute personne de mettre en danger d\u2019autres citoyens en refusant de prendre des m\u00e9thodes pr\u00e9ventives. Un argument qui alimente la controverse.<\/p>\n<p>Cet article <a rel=\"nofollow\" href=\"https:\/\/www.journalducameroun.com\/covid-19-le-barreau-du-cameroun-soppose-a-la-pression-vaccinale-du-gouvernement-cameroun\/\">Covid-19 : le Barreau du Cameroun s\u2019oppose \u00e0 la pression vaccinale du gouvernement<\/a> est apparu en premier sur <a rel=\"nofollow\" href=\"https:\/\/www.journalducameroun.com\/\">Journal du Cameroun<\/a>.<\/p>\n<\/div>\n<p>Auteur: Christian DJIMADEU<br \/>\n<a href=\"https:\/\/www.journalducameroun.com\/covid-19-le-barreau-du-cameroun-soppose-a-la-pression-vaccinale-du-gouvernement-cameroun\/\">Cliquez ici pour lire l&rsquo;article depuis sa source.<\/a><\/p>\n","protected":false},"excerpt":{"rendered":"<p>Dans une d\u00e9claration publi\u00e9e cette mi-octobre, la Commission des Droits de l\u2019Homme et des Libert\u00e9s du Barreau du Cameroun d\u00e9plore les moyens de pression employ\u00e9s par les pouvoirs publics pour amener les citoyens \u00e0 se faire vacciner. Pour \u00a0la Commission des Droits de l\u2019Homme et des Libert\u00e9s du Barreau du\u00a0Cameroun, il s\u2019agit d\u2019une \u00ab atteinte [&hellip;]<\/p>\n","protected":false},"author":1965,"featured_media":0,"comment_status":"closed","ping_status":"closed","sticky":false,"template":"","format":"standard","meta":{"fifu_image_url":"https:\/\/www.journalducameroun.com\/wp-content\/uploads\/2021\/04\/IMG-20210412-WA0012-1.jpg","fifu_image_alt":"Covid-19 : le Barreau du Cameroun s\u2019oppose \u00e0 la pression vaccinale du gouvernement","footnotes":""},"categories":[73,82],"tags":[],"class_list":["post-130441","post","type-post","status-publish","format-standard","hentry","category-actualite","category-cameroun"],"_links":{"self":[{"href":"https:\/\/linitiative.ca\/International\/wp-json\/wp\/v2\/posts\/130441","targetHints":{"allow":["GET"]}}],"collection":[{"href":"https:\/\/linitiative.ca\/International\/wp-json\/wp\/v2\/posts"}],"about":[{"href":"https:\/\/linitiative.ca\/International\/wp-json\/wp\/v2\/types\/post"}],"author":[{"embeddable":true,"href":"https:\/\/linitiative.ca\/International\/wp-json\/wp\/v2\/users\/1965"}],"replies":[{"embeddable":true,"href":"https:\/\/linitiative.ca\/International\/wp-json\/wp\/v2\/comments?post=130441"}],"version-history":[{"count":0,"href":"https:\/\/linitiative.ca\/International\/wp-json\/wp\/v2\/posts\/130441\/revisions"}],"wp:attachment":[{"href":"https:\/\/linitiative.ca\/International\/wp-json\/wp\/v2\/media?parent=130441"}],"wp:term":[{"taxonomy":"category","embeddable":true,"href":"https:\/\/linitiative.ca\/International\/wp-json\/wp\/v2\/categories?post=130441"},{"taxonomy":"post_tag","embeddable":true,"href":"https:\/\/linitiative.ca\/International\/wp-json\/wp\/v2\/tags?post=130441"}],"curies":[{"name":"wp","href":"https:\/\/api.w.org\/{rel}","templated":true}]}}