{"id":130518,"date":"2021-10-20T17:03:18","date_gmt":"2021-10-20T21:03:18","guid":{"rendered":"https:\/\/linitiative.ca\/International\/tunisie-covid19-que-doit-on-faire-pour-se-premunir-de-la-prochaine-vague-qui-commence-dans-certains-pays\/"},"modified":"2021-10-20T17:03:18","modified_gmt":"2021-10-20T21:03:18","slug":"tunisie-covid19-que-doit-on-faire-pour-se-premunir-de-la-prochaine-vague-qui-commence-dans-certains-pays","status":"publish","type":"post","link":"https:\/\/linitiative.ca\/International\/tunisie-covid19-que-doit-on-faire-pour-se-premunir-de-la-prochaine-vague-qui-commence-dans-certains-pays\/","title":{"rendered":"Tunisie \u2013 Covid19\u00a0: Que doit-on faire pour se pr\u00e9munir de la prochaine vague qui commence dans certains pays\u00a0?"},"content":{"rendered":"<div>\n<p>Apr\u00e8s une br\u00e8ve accalmie, \u00e0 la faveur de la belle saison, le coronavirus Covid19, recommence \u00e0 faire parler de lui. Il a repris son extension dans plusieurs pays, notamment en Europe, o\u00f9 les cas ont connu la semaine derni\u00e8re une augmentation exponentielle. Cette nouvelle expansion de l\u2019\u00e9pid\u00e9mie, qui co\u00efncide avec les premiers souffles de fraicheur, [\u2026]<\/p>\n<p>L\u2019article <a href=\"https:\/\/www.tunisienumerique.com\/tunisie-covid19-que-doit-on-faire-pour-se-premunir-de-la-prochaine-vague-qui-commence-dans-certains-pays\/\">Tunisie \u2013 Covid19\u00a0: Que doit-on faire pour se pr\u00e9munir de la prochaine vague qui commence dans certains pays\u00a0?<\/a> est apparu en premier sur <a href=\"https:\/\/www.tunisienumerique.com\/\">Tunisie<\/a>.<\/p>\n<\/div>\n<p>Auteur: Saber .<br \/>\n<a href=\"https:\/\/www.tunisienumerique.com\/tunisie-covid19-que-doit-on-faire-pour-se-premunir-de-la-prochaine-vague-qui-commence-dans-certains-pays\/\">Cliquez ici pour lire l&rsquo;article depuis sa source.<\/a><\/p>\n","protected":false},"excerpt":{"rendered":"<p>Apr\u00e8s une br\u00e8ve accalmie, \u00e0 la faveur de la belle saison, le coronavirus Covid19, recommence \u00e0 faire parler de lui. Il a repris son extension dans plusieurs pays, notamment en Europe, o\u00f9 les cas ont connu la semaine derni\u00e8re une augmentation exponentielle. Cette nouvelle expansion de l\u2019\u00e9pid\u00e9mie, qui co\u00efncide avec les premiers souffles de fraicheur, [&hellip;]<\/p>\n","protected":false},"author":1789,"featured_media":0,"comment_status":"closed","ping_status":"closed","sticky":false,"template":"","format":"standard","meta":{"fifu_image_url":"","fifu_image_alt":"","footnotes":""},"categories":[73,55],"tags":[],"class_list":["post-130518","post","type-post","status-publish","format-standard","hentry","category-actualite","category-tunisie"],"_links":{"self":[{"href":"https:\/\/linitiative.ca\/International\/wp-json\/wp\/v2\/posts\/130518","targetHints":{"allow":["GET"]}}],"collection":[{"href":"https:\/\/linitiative.ca\/International\/wp-json\/wp\/v2\/posts"}],"about":[{"href":"https:\/\/linitiative.ca\/International\/wp-json\/wp\/v2\/types\/post"}],"author":[{"embeddable":true,"href":"https:\/\/linitiative.ca\/International\/wp-json\/wp\/v2\/users\/1789"}],"replies":[{"embeddable":true,"href":"https:\/\/linitiative.ca\/International\/wp-json\/wp\/v2\/comments?post=130518"}],"version-history":[{"count":0,"href":"https:\/\/linitiative.ca\/International\/wp-json\/wp\/v2\/posts\/130518\/revisions"}],"wp:attachment":[{"href":"https:\/\/linitiative.ca\/International\/wp-json\/wp\/v2\/media?parent=130518"}],"wp:term":[{"taxonomy":"category","embeddable":true,"href":"https:\/\/linitiative.ca\/International\/wp-json\/wp\/v2\/categories?post=130518"},{"taxonomy":"post_tag","embeddable":true,"href":"https:\/\/linitiative.ca\/International\/wp-json\/wp\/v2\/tags?post=130518"}],"curies":[{"name":"wp","href":"https:\/\/api.w.org\/{rel}","templated":true}]}}