{"id":130535,"date":"2021-10-20T17:21:45","date_gmt":"2021-10-20T21:21:45","guid":{"rendered":"https:\/\/linitiative.ca\/International\/journee-nationale-de-la-liberte-de-la-presse-la-part-des-medias-dans-lemergence-du-cinema-africain\/"},"modified":"2021-10-20T17:21:45","modified_gmt":"2021-10-20T21:21:45","slug":"journee-nationale-de-la-liberte-de-la-presse-la-part-des-medias-dans-lemergence-du-cinema-africain","status":"publish","type":"post","link":"https:\/\/linitiative.ca\/International\/journee-nationale-de-la-liberte-de-la-presse-la-part-des-medias-dans-lemergence-du-cinema-africain\/","title":{"rendered":"Journ\u00e9e nationale de la libert\u00e9 de la presse : La part des m\u00e9dias dans l\u2019\u00e9mergence  du cin\u00e9ma africain"},"content":{"rendered":"<div>\n<p><strong>Le Centre national de presse Norbert-Zongo a comm\u00e9mor\u00e9 la 24e Journ\u00e9e nationale de la libert\u00e9 de presse sous le th\u00e8me : \u00ab La contribution des m\u00e9dias dans le rayonnement du cin\u00e9ma africain \u00bb, les 19 et 20 octobre 2021 \u00e0 Ouagadougou. <\/strong><\/p>\n<p>Le 20 octobre de chaque ann\u00e9e est c\u00e9l\u00e9br\u00e9 la Journ\u00e9e nationale de la libert\u00e9 de la presse au Burkina Faso. Cette ann\u00e9e, elle co\u00efncide avec la 27e \u00e9dition du Festival panafricain du cin\u00e9ma et de la t\u00e9l\u00e9vision de Ouagadougou (FESPACO). Pour le Secr\u00e9taire g\u00e9n\u00e9ral du Syndicat autonome des travailleurs de l\u2019information et de la culture (SYNATIC) et pr\u00e9sident du comit\u00e9 de pilotage du Centre national de presse Norbert-Zongo (CNP-NZ), Siriki Dram\u00e9, cette co\u00efncidence des dates a \u00e9t\u00e9 saisie pour faire un clin d\u2019\u0153il au cin\u00e9ma.<\/p>\n<p>D\u2019o\u00f9, a-t-il dit, le choix du th\u00e8me : \u00ab La contribution des m\u00e9dias dans le rayonnement du cin\u00e9ma africain \u00bb. Il s\u2019est agi \u00e9galement de mener la r\u00e9flexion sur la contribution des m\u00e9dias au d\u00e9veloppement du cin\u00e9ma africain, mais aussi de voir comment les cin\u00e9astes africains ont contribu\u00e9 \u00e0 la promotion de la libert\u00e9 d\u2019expression et de la presse sur le continent.<\/p>\n<p>Le ministre de la Communication et des Relations avec le Parlement, porte-parole du Gouvernement, Ouss\u00e9ni Tamboura, a salu\u00e9 la tenue de cette \u00e9dition de la Journ\u00e9e nationale de la libert\u00e9 de la presse avant de laisser entendre qu\u2019il est venu associer sa voix \u00e0 celles des diff\u00e9rents acteurs des m\u00e9dias et du cin\u00e9ma \u00e0 l\u2019effet de s\u2019engager dans la promotion de la libert\u00e9 de presse au Burkina Faso et dans le monde.<\/p>\n<h3>Un rapport sur l\u2019\u00e9tat de la libert\u00e9<\/h3>\n<figure id=\"attachment_41079\" aria-describedby=\"caption-attachment-41079\" style=\"width: 300px\" class=\"wp-caption alignleft\"><img decoding=\"async\" loading=\"lazy\" class=\"size-medium wp-image-41079\" src=\"https:\/\/linitiative.ca\/International\/wp-content\/uploads\/sites\/23\/2021\/10\/presse2-300x243-1.gif\" alt=\"\" width=\"300\" height=\"243\" srcset=\"https:\/\/linitiative.ca\/International\/wp-content\/uploads\/sites\/23\/2021\/10\/presse2-300x243-1.gif 300w, https:\/\/www.sidwaya.info\/wp-content\/uploads\/2021\/10\/presse2-150x122.gif 150w, https:\/\/www.sidwaya.info\/wp-content\/uploads\/2021\/10\/presse2-518x420.gif 518w\" sizes=\"auto, (max-width: 300px) 100vw, 300px\"><figcaption id=\"caption-attachment-41079\" class=\"wp-caption-text\">Le ministre en charge de la communication Ouss\u00e9ni Tamboura : \u00ab Nous travaillons aux c\u00f4t\u00e9s de l\u2019ensemble des m\u00e9dias pour atteindre des objectifs des meilleures presses en termes de traitement, de diffusion d\u2019information juste et vraie \u00bb.<\/figcaption><\/figure>\n<p>Le ministre en charge de la communication, les pan\u00e9listes, les partenaires du CNP-NZ dont l\u2019ordre des avocats, l\u2019\u00e9tat-major de la gendarmerie, le Conseil sup\u00e9rieur de la communication ont re\u00e7u des mains du pr\u00e9sident du comit\u00e9 de pilotage des copies du rapport sur l\u2019\u00e9tat de la libert\u00e9 de la presse 2020 au Burkina Faso. Ce rapport est suivi de l\u2019\u00e9tude sur l\u2019impact de la maladie \u00e0 coronavirus sur le travail des journalistes et des m\u00e9dias burkinab\u00e8. Outre, les allocutions et la remise du rapport, les pan\u00e9listes, l\u2019ancien ministre burkinab\u00e8 en charge de la communication, Filippe Sawadogo et celui malien en charge de la culture et pr\u00e9sident de la F\u00e9d\u00e9ration panafricaine des cin\u00e9astes (FEPACI), Cheick Oumar Sissoko ont respectivement livr\u00e9 la premi\u00e8re et deuxi\u00e8me communication.<\/p>\n<p>La mod\u00e9ration des communications a \u00e9t\u00e9 assur\u00e9e par l\u2019ancienne secr\u00e9taire g\u00e9n\u00e9rale du minist\u00e8re de l\u2019Information, Aminata Ou\u00e9draogo\/Bagayoko. L\u2019historique du cin\u00e9ma africain, le FESPACO, le premier comit\u00e9 d\u2019organisation de la biennale du cin\u00e9ma africain, le pr\u00e9sident Thomas Sankara et le FESPACO ont \u00e9t\u00e9, entre autres, les points abord\u00e9s dans la communication de Filippe Sawadogo \u00e0 l\u2019endroit des participants. Quant \u00e0 Cheick Oumar Sissoko, sa communication a port\u00e9 sur l\u2019officialisation du FESPACO, son mariage avec les m\u00e9dias, le rayonnement du cin\u00e9ma africain, le FESPACO devenu une \u00e9cole gr\u00e2ce aux m\u00e9dias sont des \u00e9l\u00e9ments relev\u00e9s par le pr\u00e9sident de la FEPACI.<\/p>\n<p>Le panel riche en informations a permis aux hommes des m\u00e9dias de cerner, non seulement le lien entre le 7e art et les m\u00e9dias, mais aussi de savoir la contribution du cin\u00e9ma \u00e0 la promotion de la libert\u00e9 de la presse. La mod\u00e9ratrice Aminata Ou\u00e9draogo\/Bagayoko a f\u00e9licit\u00e9 le comit\u00e9 de pilotage du Centre national de presse Norbert-Zongo pour le choix du th\u00e8me et des communicateurs.<\/p>\n<p style=\"text-align: right\"><strong> Emmanuel BICABA <\/strong><\/p>\n<p>L\u2019article <a rel=\"nofollow\" href=\"https:\/\/www.sidwaya.info\/blog\/2021\/10\/20\/journee-nationale-de-la-liberte-de-la-presse-la-part-des-medias-dans-lemergence-du-cinema-africain\/\">Journ\u00e9e nationale de la libert\u00e9 de la presse : La part des m\u00e9dias dans l\u2019\u00e9mergence  du cin\u00e9ma africain<\/a> est apparu en premier sur <a rel=\"nofollow\" href=\"https:\/\/www.sidwaya.info\/\">Quotidien Sidwaya<\/a>.<\/p>\n<\/div>\n<p>Auteur: JK. Sidwaya<br \/>\n<a href=\"https:\/\/www.sidwaya.info\/blog\/2021\/10\/20\/journee-nationale-de-la-liberte-de-la-presse-la-part-des-medias-dans-lemergence-du-cinema-africain\/\">Cliquez ici pour lire l&rsquo;article depuis sa source.<\/a><\/p>\n","protected":false},"excerpt":{"rendered":"<p>Le Centre national de presse Norbert-Zongo a comm\u00e9mor\u00e9 la 24e Journ\u00e9e nationale de la libert\u00e9 de presse sous le th\u00e8me : \u00ab La contribution des m\u00e9dias dans le rayonnement du cin\u00e9ma africain \u00bb, les 19 et 20 octobre 2021 \u00e0 Ouagadougou. Le 20 octobre de chaque ann\u00e9e est c\u00e9l\u00e9br\u00e9 la Journ\u00e9e nationale de la libert\u00e9 [&hellip;]<\/p>\n","protected":false},"author":1816,"featured_media":0,"comment_status":"closed","ping_status":"closed","sticky":false,"template":"","format":"standard","meta":{"fifu_image_url":"https:\/\/www.sidwaya.info\/wp-content\/uploads\/2021\/10\/presse2-300x243.gif","fifu_image_alt":"Journ\u00e9e nationale de la libert\u00e9 de la presse : La part des m\u00e9dias dans l\u2019\u00e9mergence  du cin\u00e9ma africain","footnotes":""},"categories":[73,81],"tags":[],"class_list":["post-130535","post","type-post","status-publish","format-standard","hentry","category-actualite","category-burkina-faso"],"_links":{"self":[{"href":"https:\/\/linitiative.ca\/International\/wp-json\/wp\/v2\/posts\/130535","targetHints":{"allow":["GET"]}}],"collection":[{"href":"https:\/\/linitiative.ca\/International\/wp-json\/wp\/v2\/posts"}],"about":[{"href":"https:\/\/linitiative.ca\/International\/wp-json\/wp\/v2\/types\/post"}],"author":[{"embeddable":true,"href":"https:\/\/linitiative.ca\/International\/wp-json\/wp\/v2\/users\/1816"}],"replies":[{"embeddable":true,"href":"https:\/\/linitiative.ca\/International\/wp-json\/wp\/v2\/comments?post=130535"}],"version-history":[{"count":0,"href":"https:\/\/linitiative.ca\/International\/wp-json\/wp\/v2\/posts\/130535\/revisions"}],"wp:attachment":[{"href":"https:\/\/linitiative.ca\/International\/wp-json\/wp\/v2\/media?parent=130535"}],"wp:term":[{"taxonomy":"category","embeddable":true,"href":"https:\/\/linitiative.ca\/International\/wp-json\/wp\/v2\/categories?post=130535"},{"taxonomy":"post_tag","embeddable":true,"href":"https:\/\/linitiative.ca\/International\/wp-json\/wp\/v2\/tags?post=130535"}],"curies":[{"name":"wp","href":"https:\/\/api.w.org\/{rel}","templated":true}]}}