{"id":130537,"date":"2021-10-20T17:27:05","date_gmt":"2021-10-20T21:27:05","guid":{"rendered":"https:\/\/linitiative.ca\/International\/vulgarisation-de-la-loi-003-2021-an-la-carfo-renseigne-les-agents-publics-des-hauts-bassins\/"},"modified":"2021-10-20T17:27:05","modified_gmt":"2021-10-20T21:27:05","slug":"vulgarisation-de-la-loi-003-2021-an-la-carfo-renseigne-les-agents-publics-des-hauts-bassins","status":"publish","type":"post","link":"https:\/\/linitiative.ca\/International\/vulgarisation-de-la-loi-003-2021-an-la-carfo-renseigne-les-agents-publics-des-hauts-bassins\/","title":{"rendered":"Vulgarisation de la loi \u00ab 003-2021\/AN \u00bb : La CARFO renseigne les agents publics des Hauts-Bassins"},"content":{"rendered":"<div>\n<p><strong>La Caisse autonome de retraite des fonctionnaires (CARFO) a organis\u00e9, le mercredi 20 octobre 2021 \u00e0 Bobo-Dioulasso, une conf\u00e9rence sur la vulgarisation de la loi 003-2021\/AN portant r\u00e9gime de s\u00e9curit\u00e9 sociale applicable aux agents publics de l\u2019Etat au Burkina Faso. <\/strong><\/p>\n<p>L\u2019Assembl\u00e9e nationale burkinab\u00e8 a adopt\u00e9 le 1er avril 2021, la loi \u00ab 003-2021\/AN \u00bb portant r\u00e9gime de s\u00e9curit\u00e9 sociale applicable aux agents publics de l\u2019Etat au Burkina Faso. Dans l\u2019objectif de vulgariser ce nouveau texte de loi aupr\u00e8s des agents publics de l\u2019Etat, le Minist\u00e8re de la Fonction publique, du Travail et de la Protection sociale et la Caisse autonome de retraite des fonctionnaires (CARFO) ont initi\u00e9 des conf\u00e9rences dans les r\u00e9gions du pays.<\/p>\n<p>La premi\u00e8re conf\u00e9rence a eu lieu le mercredi 20 octobre 2021, \u00e0 Bobo-Dioulasso, dans la r\u00e9gion des Hauts-Bassins. Elle a regroup\u00e9 des acteurs venus de diff\u00e9rentes structures publiques de la r\u00e9gion. Selon le charg\u00e9 de mission au minist\u00e8re en charge de la fonction publique, Madi Bans\u00e9, repr\u00e9sentant le ministre, de nombreuses innovations (19) ont \u00e9t\u00e9 enregistr\u00e9es dans la nouvelle loi. L\u2019une des plus importantes de ces innovations, aux yeux du repr\u00e9sentant du ministre, est la prise en compte des indemnit\u00e9s dans le calcul de la pension de retraite. M. Bans\u00e9 a, en outre, reconnu la contribution des agents dans l\u2019aboutissement du processus de relecture de la loi.<\/p>\n<p>\u00ab Cette loi est le fruit d\u2019un long processus participatif et inclusif, mais aussi d\u2019un consensus de tous les acteurs du monde du travail \u00bb, a-t-il indiqu\u00e9. Am\u00e9liorer les prestations de service Le Directeur de la s\u00e9curit\u00e9 sociale, au minist\u00e8re en charge du travail, Oumarou Sawadogo, est l\u2019un des communicateurs de la conf\u00e9rence. A l\u2019\u00e9couter, il a \u00e9t\u00e9 question avec les participants, du cadre juridique et institutionnel de ladite loi, et les contextes et justifications de la relecture des anciennes lois \u00ab 47\/94 \u00bb et \u00ab 022-2006\/AN \u00bb.<\/p>\n<p>Pour le repr\u00e9sentant de la Directrice g\u00e9n\u00e9rale de la CARFO, Boukary Doulkom, par ailleurs Directeur des \u00e9tudes et des affaires juridiques de la Caisse, la r\u00e9vision de la loi r\u00e9pond \u00e0 un certain nombre de pr\u00e9occupations. Il a, entre autres, cit\u00e9 l\u2019am\u00e9lioration des prestations service et le renforcement du cadre juridique et institutionnel de la s\u00e9curit\u00e9 sociale g\u00e9r\u00e9e par la CARFO.<\/p>\n<p>Il a \u00e9galement \u00e9voqu\u00e9 quelques innovations majeures contenues dans la nouvelle loi. L\u2019on peut retenir l\u2019unification des deux r\u00e9gimes \u00e0 savoir le r\u00e9gime de pension qui \u00e9tait r\u00e9gi par la loi \u00ab 47\/94 \u00bb et celui des risques professionnels r\u00e9gi par la loi \u00ab 022-2006\/AN \u00bb. Outre cette innovation, le champ d\u2019application personnel de la loi ainsi que la gamme des prestations, ont \u00e9t\u00e9 \u00e9tendus et les prestations am\u00e9lior\u00e9es, \u00e0 en croire M. Doulkom. \u00ab Il y a un certain nombre d\u2019agents publics de l\u2019Etat qui n\u2019\u00e9taient pas pris en compte dans l\u2019ancien r\u00e9gime et le sont dans le nouveau \u00bb, a-t-il fait remarquer.<\/p>\n<p style=\"text-align: right\"><strong>Alpha S\u00e9kou BARRY<\/strong><\/p>\n<p style=\"text-align: right\">alphasekoubarry@gmail.com<\/p>\n<p style=\"text-align: right\"><strong> Samiratou TRAORE<\/strong> (Stagiaire)<\/p>\n<p>L\u2019article <a rel=\"nofollow\" href=\"https:\/\/www.sidwaya.info\/blog\/2021\/10\/20\/vulgarisation-de-la-loi-003-2021-an-la-carfo-renseigne-les-agents-publics-des-hauts-bassins\/\">Vulgarisation de la loi \u00ab 003-2021\/AN \u00bb : La CARFO renseigne les agents publics des Hauts-Bassins<\/a> est apparu en premier sur <a rel=\"nofollow\" href=\"https:\/\/www.sidwaya.info\/\">Quotidien Sidwaya<\/a>.<\/p>\n<\/div>\n<p>Auteur: JK. Sidwaya<br \/>\n<a href=\"https:\/\/www.sidwaya.info\/blog\/2021\/10\/20\/vulgarisation-de-la-loi-003-2021-an-la-carfo-renseigne-les-agents-publics-des-hauts-bassins\/\">Cliquez ici pour lire l&rsquo;article depuis sa source.<\/a><\/p>\n","protected":false},"excerpt":{"rendered":"<p>La Caisse autonome de retraite des fonctionnaires (CARFO) a organis\u00e9, le mercredi 20 octobre 2021 \u00e0 Bobo-Dioulasso, une conf\u00e9rence sur la vulgarisation de la loi 003-2021\/AN portant r\u00e9gime de s\u00e9curit\u00e9 sociale applicable aux agents publics de l\u2019Etat au Burkina Faso. L\u2019Assembl\u00e9e nationale burkinab\u00e8 a adopt\u00e9 le 1er avril 2021, la loi \u00ab 003-2021\/AN \u00bb portant [&hellip;]<\/p>\n","protected":false},"author":1816,"featured_media":0,"comment_status":"closed","ping_status":"closed","sticky":false,"template":"","format":"standard","meta":{"fifu_image_url":"","fifu_image_alt":"","footnotes":""},"categories":[73,81],"tags":[],"class_list":["post-130537","post","type-post","status-publish","format-standard","hentry","category-actualite","category-burkina-faso"],"_links":{"self":[{"href":"https:\/\/linitiative.ca\/International\/wp-json\/wp\/v2\/posts\/130537","targetHints":{"allow":["GET"]}}],"collection":[{"href":"https:\/\/linitiative.ca\/International\/wp-json\/wp\/v2\/posts"}],"about":[{"href":"https:\/\/linitiative.ca\/International\/wp-json\/wp\/v2\/types\/post"}],"author":[{"embeddable":true,"href":"https:\/\/linitiative.ca\/International\/wp-json\/wp\/v2\/users\/1816"}],"replies":[{"embeddable":true,"href":"https:\/\/linitiative.ca\/International\/wp-json\/wp\/v2\/comments?post=130537"}],"version-history":[{"count":0,"href":"https:\/\/linitiative.ca\/International\/wp-json\/wp\/v2\/posts\/130537\/revisions"}],"wp:attachment":[{"href":"https:\/\/linitiative.ca\/International\/wp-json\/wp\/v2\/media?parent=130537"}],"wp:term":[{"taxonomy":"category","embeddable":true,"href":"https:\/\/linitiative.ca\/International\/wp-json\/wp\/v2\/categories?post=130537"},{"taxonomy":"post_tag","embeddable":true,"href":"https:\/\/linitiative.ca\/International\/wp-json\/wp\/v2\/tags?post=130537"}],"curies":[{"name":"wp","href":"https:\/\/api.w.org\/{rel}","templated":true}]}}