{"id":130565,"date":"2021-10-21T11:25:17","date_gmt":"2021-10-21T15:25:17","guid":{"rendered":"https:\/\/linitiative.ca\/International\/covid-19-maroc-la-situation-epidemiologique-au-21-octobre-2021-a-16h00\/"},"modified":"2021-10-21T11:25:17","modified_gmt":"2021-10-21T15:25:17","slug":"covid-19-maroc-la-situation-epidemiologique-au-21-octobre-2021-a-16h00","status":"publish","type":"post","link":"https:\/\/linitiative.ca\/International\/covid-19-maroc-la-situation-epidemiologique-au-21-octobre-2021-a-16h00\/","title":{"rendered":"Covid-19 \/ Maroc : La situation \u00e9pid\u00e9miologique au 21 octobre 2021 \u00e0 16H00"},"content":{"rendered":"<div>\n<p><img loading=\"lazy\" decoding=\"async\" width=\"300\" height=\"153\" src=\"https:\/\/linitiative.ca\/International\/wp-content\/uploads\/sites\/23\/2021\/10\/Covid-19-Coronavirus-Maroc-300x153-2.jpg\" class=\"attachment-medium size-medium wp-post-image\" alt=\"\" srcset=\"https:\/\/linitiative.ca\/International\/wp-content\/uploads\/sites\/23\/2021\/10\/Covid-19-Coronavirus-Maroc-300x153-2.jpg 300w, https:\/\/aujourdhui.ma\/wp-content\/uploads\/2021\/10\/Covid-19-Coronavirus-Maroc-274x140.jpg 274w, https:\/\/aujourdhui.ma\/wp-content\/uploads\/2021\/10\/Covid-19-Coronavirus-Maroc.jpg 746w, https:\/\/aujourdhui.ma\/wp-content\/uploads\/2021\/10\/Covid-19-Coronavirus-Maroc-165x84.jpg 165w, https:\/\/aujourdhui.ma\/wp-content\/uploads\/2021\/10\/Covid-19-Coronavirus-Maroc-702x358.jpg 702w\" sizes=\"auto, (max-width: 300px) 100vw, 300px\"><\/p>\n<p><span style=\"font-size: 20px; color: #800000;\"><strong>Entre hier \u00e0 16H00 et aujourd\u2019hui \u00e0 16H00<\/strong><\/span><span id=\"more-389049\"><\/span><\/p>\n<p><span id=\"more-389485\"><\/span><\/p>\n<p>255 nouveaux cas soit un cumul de 943 222 cas \u00e0 ce jour.<br \/>\n344 gu\u00e9risons soit un cumul de 923 257 \u00e0 ce jour.<br \/>\n13 nouveaux d\u00e9c\u00e8s donc un cumul de 14 593 \u00e0 ce jour.<\/p>\n<p><span style=\"color: #ff0000;\"><strong>Nombre de personnes vaccin\u00e9es au 21 octobre 16H00<\/strong><\/span><\/p>\n<p>1 \u00e8re dose :\u00a0\u00a0<strong>23 440 505<\/strong><\/p>\n<p>2 \u00e8me dose :<strong> 21 230 660<br \/>\n<\/strong><\/p>\n<p>3 \u00e8me dose :<strong> 866 326<br \/>\n<\/strong><\/p>\n<p><a href=\"https:\/\/linitiative.ca\/International\/wp-content\/uploads\/sites\/23\/2021\/10\/coronavirus21102021_page-0001.jpg\"><img loading=\"lazy\" decoding=\"async\" class=\"aligncenter size-full wp-image-389489\" src=\"https:\/\/linitiative.ca\/International\/wp-content\/uploads\/sites\/23\/2021\/10\/coronavirus21102021_page-0001.jpg\" alt=\"\" width=\"721\" height=\"1020\" srcset=\"https:\/\/linitiative.ca\/International\/wp-content\/uploads\/sites\/23\/2021\/10\/coronavirus21102021_page-0001.jpg 721w, https:\/\/aujourdhui.ma\/wp-content\/uploads\/2021\/10\/coronavirus21102021_page-0001-212x300.jpg 212w\" sizes=\"auto, (max-width: 721px) 100vw, 721px\"><\/a> <a href=\"https:\/\/linitiative.ca\/International\/wp-content\/uploads\/sites\/23\/2021\/10\/coronavirus21102021_page-0002.jpg\"><img loading=\"lazy\" decoding=\"async\" class=\"aligncenter size-full wp-image-389490\" src=\"https:\/\/linitiative.ca\/International\/wp-content\/uploads\/sites\/23\/2021\/10\/coronavirus21102021_page-0002.jpg\" alt=\"\" width=\"721\" height=\"1020\" srcset=\"https:\/\/linitiative.ca\/International\/wp-content\/uploads\/sites\/23\/2021\/10\/coronavirus21102021_page-0002.jpg 721w, https:\/\/aujourdhui.ma\/wp-content\/uploads\/2021\/10\/coronavirus21102021_page-0002-212x300.jpg 212w\" sizes=\"auto, (max-width: 721px) 100vw, 721px\"><\/a> <a href=\"https:\/\/linitiative.ca\/International\/wp-content\/uploads\/sites\/23\/2021\/10\/coronavirus21102021_page-0003.jpg\"><img loading=\"lazy\" decoding=\"async\" class=\"aligncenter size-full wp-image-389491\" src=\"https:\/\/linitiative.ca\/International\/wp-content\/uploads\/sites\/23\/2021\/10\/coronavirus21102021_page-0003.jpg\" alt=\"\" width=\"721\" height=\"1020\" srcset=\"https:\/\/linitiative.ca\/International\/wp-content\/uploads\/sites\/23\/2021\/10\/coronavirus21102021_page-0003.jpg 721w, https:\/\/aujourdhui.ma\/wp-content\/uploads\/2021\/10\/coronavirus21102021_page-0003-212x300.jpg 212w\" sizes=\"auto, (max-width: 721px) 100vw, 721px\"><\/a> <a href=\"https:\/\/linitiative.ca\/International\/wp-content\/uploads\/sites\/23\/2021\/10\/coronavirus21102021_page-0004.jpg\"><img loading=\"lazy\" decoding=\"async\" class=\"aligncenter size-full wp-image-389492\" src=\"https:\/\/linitiative.ca\/International\/wp-content\/uploads\/sites\/23\/2021\/10\/coronavirus21102021_page-0004.jpg\" alt=\"\" width=\"721\" height=\"1020\" srcset=\"https:\/\/linitiative.ca\/International\/wp-content\/uploads\/sites\/23\/2021\/10\/coronavirus21102021_page-0004.jpg 721w, https:\/\/aujourdhui.ma\/wp-content\/uploads\/2021\/10\/coronavirus21102021_page-0004-212x300.jpg 212w\" sizes=\"auto, (max-width: 721px) 100vw, 721px\"><\/a><\/p>\n<\/div>\n<p>Auteur: ALM<br \/>\n<a href=\"https:\/\/aujourdhui.ma\/societe\/covid-19-maroc-la-situation-epidemiologique-au-21-octobre-2021-a-16h00\">Cliquez ici pour lire l&rsquo;article depuis sa source.<\/a><\/p>\n","protected":false},"excerpt":{"rendered":"<p>Entre hier \u00e0 16H00 et aujourd\u2019hui \u00e0 16H00 255 nouveaux cas soit un cumul de 943 222 cas \u00e0 ce jour. 344 gu\u00e9risons soit un cumul de 923 257 \u00e0 ce jour. 13 nouveaux d\u00e9c\u00e8s donc un cumul de 14 593 \u00e0 ce jour. Nombre de personnes vaccin\u00e9es au 21 octobre 16H00 1 \u00e8re dose [&hellip;]<\/p>\n","protected":false},"author":1759,"featured_media":0,"comment_status":"closed","ping_status":"closed","sticky":false,"template":"","format":"standard","meta":{"fifu_image_url":"https:\/\/aujourdhui.ma\/wp-content\/uploads\/2021\/10\/Covid-19-Coronavirus-Maroc-300x153.jpg","fifu_image_alt":"Covid-19 \/ Maroc : La situation \u00e9pid\u00e9miologique au 21 octobre 2021 \u00e0 16H00","footnotes":""},"categories":[73,54],"tags":[],"class_list":["post-130565","post","type-post","status-publish","format-standard","hentry","category-actualite","category-maroc"],"_links":{"self":[{"href":"https:\/\/linitiative.ca\/International\/wp-json\/wp\/v2\/posts\/130565","targetHints":{"allow":["GET"]}}],"collection":[{"href":"https:\/\/linitiative.ca\/International\/wp-json\/wp\/v2\/posts"}],"about":[{"href":"https:\/\/linitiative.ca\/International\/wp-json\/wp\/v2\/types\/post"}],"author":[{"embeddable":true,"href":"https:\/\/linitiative.ca\/International\/wp-json\/wp\/v2\/users\/1759"}],"replies":[{"embeddable":true,"href":"https:\/\/linitiative.ca\/International\/wp-json\/wp\/v2\/comments?post=130565"}],"version-history":[{"count":0,"href":"https:\/\/linitiative.ca\/International\/wp-json\/wp\/v2\/posts\/130565\/revisions"}],"wp:attachment":[{"href":"https:\/\/linitiative.ca\/International\/wp-json\/wp\/v2\/media?parent=130565"}],"wp:term":[{"taxonomy":"category","embeddable":true,"href":"https:\/\/linitiative.ca\/International\/wp-json\/wp\/v2\/categories?post=130565"},{"taxonomy":"post_tag","embeddable":true,"href":"https:\/\/linitiative.ca\/International\/wp-json\/wp\/v2\/tags?post=130565"}],"curies":[{"name":"wp","href":"https:\/\/api.w.org\/{rel}","templated":true}]}}