{"id":130575,"date":"2021-10-21T13:50:39","date_gmt":"2021-10-21T17:50:39","guid":{"rendered":"https:\/\/linitiative.ca\/International\/initiative-de-restauration-des-tombes-des-pionniers-de-lart-gnaoui\/"},"modified":"2021-10-21T13:50:39","modified_gmt":"2021-10-21T17:50:39","slug":"initiative-de-restauration-des-tombes-des-pionniers-de-lart-gnaoui","status":"publish","type":"post","link":"https:\/\/linitiative.ca\/International\/initiative-de-restauration-des-tombes-des-pionniers-de-lart-gnaoui\/","title":{"rendered":"Initiative de restauration des tombes des pionniers de l\u2019art gnaoui"},"content":{"rendered":"<div>\n<div style=\"margin-bottom:20px;\"><img loading=\"lazy\" decoding=\"async\" width=\"750\" height=\"430\" src=\"https:\/\/linitiative.ca\/International\/wp-content\/uploads\/sites\/23\/2021\/10\/gnaoua-copier.jpg\" class=\"attachment-post-thumbnail size-post-thumbnail wp-post-image\" alt=\"\" srcset=\"https:\/\/linitiative.ca\/International\/wp-content\/uploads\/sites\/23\/2021\/10\/gnaoua-copier.jpg 750w, http:\/\/www.mapmarrakech.ma\/map\/uploads\/2021\/10\/gnaoua-copier-300x172.jpg 300w\" sizes=\"auto, (max-width: 750px) 100vw, 750px\"><\/div>\n<p>Ce projet in\u00e9dit vise \u00e0 rendre un hommage posthume aux grands Ma\u00e2lems de l\u2019art gnaoui, qui ont contribu\u00e9, de longues ann\u00e9es durant, \u00e0 la pr\u00e9servation de cet art authentique et ancestral et \u00e0 l\u2019emporter au-del\u00e0 des fronti\u00e8res nationales.<\/p>\n<p>Pour Habib Samrkandi, directeur de la revue \u00ab\u00a0Horizons Maghr\u00e9bins\u00a0\u00bb, cette initiative, qui s\u2019\u00e9talera sur des ann\u00e9es,\u00a0est un acte de m\u00e9moire visant \u00e0 faire sortir de l\u2019oubli et rendre hommage aux pionniers de cet art qui ont honor\u00e9 Marrakech en portant sa voix sur les cinq continents.<\/p>\n<p>Dans une d\u00e9claration \u00e0 la MAP, il a relev\u00e9 que ce\u00a0projet culturel, port\u00e9 par la soci\u00e9t\u00e9 civile, a commenc\u00e9 d\u2019abord par l\u2019identification et le recensement des tombes des Ma\u00e2lems de Gnaoua et la prise de contact avec les familles de ces maitres, ajoutant que les initiateurs de ce projet ont choisi de commencer par la restauration de la tombe du Ma\u00e2lem Ayachi, une grande figure de ce style musical \u00e0 Marrakech, et dont les descendants les plus c\u00e9l\u00e8bres sont les ma\u00e2lems Ahmed et Mustapha Baqbou.<\/p>\n<p>Cette initiative consistant \u00e0 honorer les maitres de l\u2019art gnaoui qui ont marqu\u00e9 la sc\u00e8ne artistique de Marrakech sera suivie de la restauration des tombes des mqadmat (pr\u00eatresses), maillon ins\u00e9parable du rituel de la c\u00e9r\u00e9monie th\u00e9rapeutique gnaouie.<\/p>\n<p>Les Amis de la Revue \u00ab\u00a0Horizons maghr\u00e9bins\u00a0\u00bb est une entit\u00e9 associative, qui \u0153uvre depuis plus de 40 ans \u00e0 la pr\u00e9servation et la valorisation du patrimoine mat\u00e9riel et immat\u00e9riel de la cit\u00e9 ocre.<\/p>\n<p>\u00ab\u00a0Horizons Maghr\u00e9bins\u00a0\u00bb est une revue francophone consacr\u00e9e aux litt\u00e9ratures du Maghreb et de l\u2019espace euro-m\u00e9diterran\u00e9en.<\/p>\n<p>Elle\u00a0publie des \u00e9tudes portant sur l\u2019Histoire de l\u2019Occident musulman et le devenir des musulmans en Europe. Des auteurs \u00e9trangers collaborent et contribuent aux r\u00e9sonances de la m\u00e9moire de l\u2019h\u00e9ritage commun en M\u00e9diterran\u00e9e.<\/p>\n<p>La revue est aussi un espace de pr\u00e9sentation des \u0153uvres d\u2019artistes contemporains, maghr\u00e9bins ou issus d\u2019autres cultures qui ont s\u00e9journ\u00e9 au Maghreb et dont le travail a \u00e9t\u00e9 marqu\u00e9 par les lumi\u00e8res et les couleurs de l\u2019Orient.<\/p>\n<p>The post <a rel=\"nofollow\" href=\"http:\/\/www.mapmarrakech.ma\/fr\/une-initiative-de-restauration-des-tombes-des-pionniers-de-lart-gnaoui\/\">Initiative de restauration des tombes des pionniers de l\u2019art gnaoui<\/a> appeared first on <a rel=\"nofollow\" href=\"http:\/\/www.mapmarrakech.ma\/fr\">MapMarrakech<\/a>.<\/p>\n<\/div>\n<p>Auteur: Meriem IGASS<br \/>\n<a href=\"http:\/\/www.mapmarrakech.ma\/fr\/une-initiative-de-restauration-des-tombes-des-pionniers-de-lart-gnaoui\/\">Cliquez ici pour lire l&rsquo;article depuis sa source.<\/a><\/p>\n","protected":false},"excerpt":{"rendered":"<p>Ce projet in\u00e9dit vise \u00e0 rendre un hommage posthume aux grands Ma\u00e2lems de l\u2019art gnaoui, qui ont contribu\u00e9, de longues ann\u00e9es durant, \u00e0 la pr\u00e9servation de cet art authentique et ancestral et \u00e0 l\u2019emporter au-del\u00e0 des fronti\u00e8res nationales. Pour Habib Samrkandi, directeur de la revue \u00ab\u00a0Horizons Maghr\u00e9bins\u00a0\u00bb, cette initiative, qui s\u2019\u00e9talera sur des ann\u00e9es,\u00a0est un [&hellip;]<\/p>\n","protected":false},"author":1788,"featured_media":0,"comment_status":"closed","ping_status":"closed","sticky":false,"template":"","format":"standard","meta":{"fifu_image_url":"http:\/\/www.mapmarrakech.ma\/map\/uploads\/2021\/10\/gnaoua-copier.jpg","fifu_image_alt":"Initiative de restauration des tombes des pionniers de l\u2019art gnaoui","footnotes":""},"categories":[54,76],"tags":[],"class_list":["post-130575","post","type-post","status-publish","format-standard","hentry","category-maroc","category-regions"],"_links":{"self":[{"href":"https:\/\/linitiative.ca\/International\/wp-json\/wp\/v2\/posts\/130575","targetHints":{"allow":["GET"]}}],"collection":[{"href":"https:\/\/linitiative.ca\/International\/wp-json\/wp\/v2\/posts"}],"about":[{"href":"https:\/\/linitiative.ca\/International\/wp-json\/wp\/v2\/types\/post"}],"author":[{"embeddable":true,"href":"https:\/\/linitiative.ca\/International\/wp-json\/wp\/v2\/users\/1788"}],"replies":[{"embeddable":true,"href":"https:\/\/linitiative.ca\/International\/wp-json\/wp\/v2\/comments?post=130575"}],"version-history":[{"count":0,"href":"https:\/\/linitiative.ca\/International\/wp-json\/wp\/v2\/posts\/130575\/revisions"}],"wp:attachment":[{"href":"https:\/\/linitiative.ca\/International\/wp-json\/wp\/v2\/media?parent=130575"}],"wp:term":[{"taxonomy":"category","embeddable":true,"href":"https:\/\/linitiative.ca\/International\/wp-json\/wp\/v2\/categories?post=130575"},{"taxonomy":"post_tag","embeddable":true,"href":"https:\/\/linitiative.ca\/International\/wp-json\/wp\/v2\/tags?post=130575"}],"curies":[{"name":"wp","href":"https:\/\/api.w.org\/{rel}","templated":true}]}}