{"id":130583,"date":"2021-10-21T07:59:39","date_gmt":"2021-10-21T11:59:39","guid":{"rendered":"https:\/\/linitiative.ca\/International\/classement-fifa-le-maroc-integre-le-top-30\/"},"modified":"2021-10-21T07:59:39","modified_gmt":"2021-10-21T11:59:39","slug":"classement-fifa-le-maroc-integre-le-top-30","status":"publish","type":"post","link":"https:\/\/linitiative.ca\/International\/classement-fifa-le-maroc-integre-le-top-30\/","title":{"rendered":"Classement FIFA: Le Maroc int\u00e8gre le Top 30"},"content":{"rendered":"<div>\n<div class=\"field field-name-body field-type-text-with-summary field-label-hidden\">\n<div class=\"field-items\">\n<div class=\"field-item even\" property=\"content:encoded\">\n<p class=\"rtejustify\">Apr\u00e8s trois succ\u00e8s de rang, les Lions de l\u2019Atlas grimpent dans le nouveau classement FIFA d\u00e9voil\u00e9 ce jeudi. La s\u00e9lection nationale de football entre dans le Top 30 des meilleures formations mondiales.<\/p>\n<p class=\"rtejustify\">Class\u00e9s 29es, les Lions de l\u2019Atlas devancent d\u2019une place l\u2019Alg\u00e9rie et talonnent la Tunisie class\u00e9e 27e. Le Maroc figure \u00e9galement dans el Top 3 africain domin\u00e9 par le S\u00e9n\u00e9gal, 20e mondial.<\/p>\n<p class=\"rtejustify\">\u00a0<\/p>\n<\/div>\n<\/div>\n<\/div>\n<\/div>\n<p>Auteur: mbasraoui<br \/>\n<a href=\"https:\/\/www.leconomiste.com\/flash-infos\/classement-fifa-le-maroc-integre-le-top-30\">Cliquez ici pour lire l&rsquo;article depuis sa source.<\/a><\/p>\n","protected":false},"excerpt":{"rendered":"<p>Apr\u00e8s trois succ\u00e8s de rang, les Lions de l\u2019Atlas grimpent dans le nouveau classement FIFA d\u00e9voil\u00e9 ce jeudi. La s\u00e9lection nationale de football entre dans le Top 30 des meilleures formations mondiales. Class\u00e9s 29es, les Lions de l\u2019Atlas devancent d\u2019une place l\u2019Alg\u00e9rie et talonnent la Tunisie class\u00e9e 27e. Le Maroc figure \u00e9galement dans el Top [&hellip;]<\/p>\n","protected":false},"author":1763,"featured_media":0,"comment_status":"closed","ping_status":"closed","sticky":false,"template":"","format":"standard","meta":{"fifu_image_url":"","fifu_image_alt":"","footnotes":""},"categories":[78,54],"tags":[],"class_list":["post-130583","post","type-post","status-publish","format-standard","hentry","category-economie","category-maroc"],"_links":{"self":[{"href":"https:\/\/linitiative.ca\/International\/wp-json\/wp\/v2\/posts\/130583","targetHints":{"allow":["GET"]}}],"collection":[{"href":"https:\/\/linitiative.ca\/International\/wp-json\/wp\/v2\/posts"}],"about":[{"href":"https:\/\/linitiative.ca\/International\/wp-json\/wp\/v2\/types\/post"}],"author":[{"embeddable":true,"href":"https:\/\/linitiative.ca\/International\/wp-json\/wp\/v2\/users\/1763"}],"replies":[{"embeddable":true,"href":"https:\/\/linitiative.ca\/International\/wp-json\/wp\/v2\/comments?post=130583"}],"version-history":[{"count":0,"href":"https:\/\/linitiative.ca\/International\/wp-json\/wp\/v2\/posts\/130583\/revisions"}],"wp:attachment":[{"href":"https:\/\/linitiative.ca\/International\/wp-json\/wp\/v2\/media?parent=130583"}],"wp:term":[{"taxonomy":"category","embeddable":true,"href":"https:\/\/linitiative.ca\/International\/wp-json\/wp\/v2\/categories?post=130583"},{"taxonomy":"post_tag","embeddable":true,"href":"https:\/\/linitiative.ca\/International\/wp-json\/wp\/v2\/tags?post=130583"}],"curies":[{"name":"wp","href":"https:\/\/api.w.org\/{rel}","templated":true}]}}