{"id":130586,"date":"2021-10-21T11:24:13","date_gmt":"2021-10-21T15:24:13","guid":{"rendered":"https:\/\/linitiative.ca\/International\/covid-255-nouveaux-cas-13-deces\/"},"modified":"2021-10-21T11:24:13","modified_gmt":"2021-10-21T15:24:13","slug":"covid-255-nouveaux-cas-13-deces","status":"publish","type":"post","link":"https:\/\/linitiative.ca\/International\/covid-255-nouveaux-cas-13-deces\/","title":{"rendered":"Covid: 255 nouveaux cas, 13 d\u00e9c\u00e8s"},"content":{"rendered":"<div>\n<div class=\"field field-name-body field-type-text-with-summary field-label-hidden\">\n<div class=\"field-items\">\n<div class=\"field-item even\" property=\"content:encoded\">\n<p class=\"rtejustify\">Un total de 866 326\u00a0personnes ont re\u00e7u la 3e dose du vaccin anti-Covid-19 depuis le lancement de l&rsquo;op\u00e9ration, a indiqu\u00e9 jeudi le minist\u00e8re de la Sant\u00e9.<\/p>\n<p class=\"rtejustify\">Le nombre de primo-vaccin\u00e9s a atteint 23 440 505, alors que celui des personnes ayant re\u00e7u la 2e dose s&rsquo;\u00e9l\u00e8ve d\u00e9sormais \u00e0<strong> <\/strong>21 230 660.<\/p>\n<p class=\"rtejustify\">Concernant la situation \u00e9pid\u00e9miologique, 255\u00a0nouveaux cas d&rsquo;infection au nouveau coronavirus (Covid-19) et 344\u00a0gu\u00e9risons ont \u00e9t\u00e9 enregistr\u00e9s \u00e0 l&rsquo;\u00e9chelle nationale dans les derni\u00e8res 24 heures.<\/p>\n<\/div>\n<\/div>\n<\/div>\n<\/div>\n<p>Auteur: mbasraoui<br \/>\n<a href=\"https:\/\/www.leconomiste.com\/flash-infos\/covid-188-nouveaux-cas-14-deces\">Cliquez ici pour lire l&rsquo;article depuis sa source.<\/a><\/p>\n","protected":false},"excerpt":{"rendered":"<p>Un total de 866 326\u00a0personnes ont re\u00e7u la 3e dose du vaccin anti-Covid-19 depuis le lancement de l&rsquo;op\u00e9ration, a indiqu\u00e9 jeudi le minist\u00e8re de la Sant\u00e9. Le nombre de primo-vaccin\u00e9s a atteint 23 440 505, alors que celui des personnes ayant re\u00e7u la 2e dose s&rsquo;\u00e9l\u00e8ve d\u00e9sormais \u00e0 21 230 660. Concernant la situation \u00e9pid\u00e9miologique, [&hellip;]<\/p>\n","protected":false},"author":1763,"featured_media":0,"comment_status":"closed","ping_status":"closed","sticky":false,"template":"","format":"standard","meta":{"fifu_image_url":"","fifu_image_alt":"","footnotes":""},"categories":[78,54],"tags":[],"class_list":["post-130586","post","type-post","status-publish","format-standard","hentry","category-economie","category-maroc"],"_links":{"self":[{"href":"https:\/\/linitiative.ca\/International\/wp-json\/wp\/v2\/posts\/130586","targetHints":{"allow":["GET"]}}],"collection":[{"href":"https:\/\/linitiative.ca\/International\/wp-json\/wp\/v2\/posts"}],"about":[{"href":"https:\/\/linitiative.ca\/International\/wp-json\/wp\/v2\/types\/post"}],"author":[{"embeddable":true,"href":"https:\/\/linitiative.ca\/International\/wp-json\/wp\/v2\/users\/1763"}],"replies":[{"embeddable":true,"href":"https:\/\/linitiative.ca\/International\/wp-json\/wp\/v2\/comments?post=130586"}],"version-history":[{"count":0,"href":"https:\/\/linitiative.ca\/International\/wp-json\/wp\/v2\/posts\/130586\/revisions"}],"wp:attachment":[{"href":"https:\/\/linitiative.ca\/International\/wp-json\/wp\/v2\/media?parent=130586"}],"wp:term":[{"taxonomy":"category","embeddable":true,"href":"https:\/\/linitiative.ca\/International\/wp-json\/wp\/v2\/categories?post=130586"},{"taxonomy":"post_tag","embeddable":true,"href":"https:\/\/linitiative.ca\/International\/wp-json\/wp\/v2\/tags?post=130586"}],"curies":[{"name":"wp","href":"https:\/\/api.w.org\/{rel}","templated":true}]}}