{"id":130587,"date":"2021-10-21T12:22:26","date_gmt":"2021-10-21T16:22:26","guid":{"rendered":"https:\/\/linitiative.ca\/International\/vaccins-covid-pfizer-suspendu-a-lissue-dun-deces-a-rabat\/"},"modified":"2021-10-21T12:22:26","modified_gmt":"2021-10-21T16:22:26","slug":"vaccins-covid-pfizer-suspendu-a-lissue-dun-deces-a-rabat","status":"publish","type":"post","link":"https:\/\/linitiative.ca\/International\/vaccins-covid-pfizer-suspendu-a-lissue-dun-deces-a-rabat\/","title":{"rendered":"Vaccins Covid: Pfizer suspendu \u00e0 l&rsquo;issue d&rsquo;un d\u00e9c\u00e8s \u00e0 Rabat"},"content":{"rendered":"<div>\n<div class=\"field field-name-body field-type-text-with-summary field-label-hidden\">\n<div class=\"field-items\">\n<div class=\"field-item even\" property=\"content:encoded\">\n<p class=\"rtejustify\">Contrairement \u00e0 ce que des sources minist\u00e9rielles ont avanc\u00e9 comme explications en d\u00e9but de journ\u00e9e, le cafouillage constat\u00e9 aujourd&rsquo;hui autour de la disponibilit\u00e9 des vaccins Pfizer dans plusieurs centres de vaccination, n&rsquo;est pas d\u00fb \u00e0 des imp\u00e9ratifs de planification des rendez-vous.<\/p>\n<\/div>\n<\/div>\n<\/div>\n<\/div>\n<p>Auteur: hgueye<br \/>\n<a href=\"https:\/\/www.leconomiste.com\/flash-infos\/vaccins-covid-pfizer-suspendu-l-issue-d-un-deces-rabat\">Cliquez ici pour lire l&rsquo;article depuis sa source.<\/a><\/p>\n","protected":false},"excerpt":{"rendered":"<p>Contrairement \u00e0 ce que des sources minist\u00e9rielles ont avanc\u00e9 comme explications en d\u00e9but de journ\u00e9e, le cafouillage constat\u00e9 aujourd&rsquo;hui autour de la disponibilit\u00e9 des vaccins Pfizer dans plusieurs centres de vaccination, n&rsquo;est pas d\u00fb \u00e0 des imp\u00e9ratifs de planification des rendez-vous. Auteur: hgueye Cliquez ici pour lire l&rsquo;article depuis sa source.<\/p>\n","protected":false},"author":1763,"featured_media":0,"comment_status":"closed","ping_status":"closed","sticky":false,"template":"","format":"standard","meta":{"fifu_image_url":"","fifu_image_alt":"","footnotes":""},"categories":[78,54],"tags":[],"class_list":["post-130587","post","type-post","status-publish","format-standard","hentry","category-economie","category-maroc"],"_links":{"self":[{"href":"https:\/\/linitiative.ca\/International\/wp-json\/wp\/v2\/posts\/130587","targetHints":{"allow":["GET"]}}],"collection":[{"href":"https:\/\/linitiative.ca\/International\/wp-json\/wp\/v2\/posts"}],"about":[{"href":"https:\/\/linitiative.ca\/International\/wp-json\/wp\/v2\/types\/post"}],"author":[{"embeddable":true,"href":"https:\/\/linitiative.ca\/International\/wp-json\/wp\/v2\/users\/1763"}],"replies":[{"embeddable":true,"href":"https:\/\/linitiative.ca\/International\/wp-json\/wp\/v2\/comments?post=130587"}],"version-history":[{"count":0,"href":"https:\/\/linitiative.ca\/International\/wp-json\/wp\/v2\/posts\/130587\/revisions"}],"wp:attachment":[{"href":"https:\/\/linitiative.ca\/International\/wp-json\/wp\/v2\/media?parent=130587"}],"wp:term":[{"taxonomy":"category","embeddable":true,"href":"https:\/\/linitiative.ca\/International\/wp-json\/wp\/v2\/categories?post=130587"},{"taxonomy":"post_tag","embeddable":true,"href":"https:\/\/linitiative.ca\/International\/wp-json\/wp\/v2\/tags?post=130587"}],"curies":[{"name":"wp","href":"https:\/\/api.w.org\/{rel}","templated":true}]}}