{"id":130613,"date":"2021-10-21T11:58:59","date_gmt":"2021-10-21T15:58:59","guid":{"rendered":"https:\/\/linitiative.ca\/International\/essaouira-rencontre-de-la-fondation-brensthurst-oppenheimer-avec-bayt-dakira-une-symbiose-spatio-temporelle\/"},"modified":"2021-10-21T11:58:59","modified_gmt":"2021-10-21T15:58:59","slug":"essaouira-rencontre-de-la-fondation-brensthurst-oppenheimer-avec-bayt-dakira-une-symbiose-spatio-temporelle","status":"publish","type":"post","link":"https:\/\/linitiative.ca\/International\/essaouira-rencontre-de-la-fondation-brensthurst-oppenheimer-avec-bayt-dakira-une-symbiose-spatio-temporelle\/","title":{"rendered":"Essaouira. Rencontre de la Fondation Brensthurst-Oppenheimer avec \u00abBayt Dakira\u00bb : une symbiose spatio-temporelle"},"content":{"rendered":"<div><img decoding=\"async\" width=\"645\" height=\"426\" src=\"https:\/\/linitiative.ca\/International\/wp-content\/uploads\/sites\/23\/2021\/10\/Bayt-Dakira.jpg\" class=\"attachment-post-thumbnail size-post-thumbnail wp-post-image\" alt=\"\" loading=\"lazy\" srcset=\"https:\/\/linitiative.ca\/International\/wp-content\/uploads\/sites\/23\/2021\/10\/Bayt-Dakira.jpg 645w, https:\/\/www.challenge.ma\/wp-content\/uploads\/2021\/10\/Bayt-Dakira-300x198.jpg 300w, https:\/\/www.challenge.ma\/wp-content\/uploads\/2021\/10\/Bayt-Dakira-360x238.jpg 360w\" sizes=\"auto, (max-width: 645px) 100vw, 645px\" itemprop=\"image\">L\u2019Afrique du Sud a \u00e9t\u00e9 historiquement victime d\u2019un syst\u00e8me d\u2019apartheid similaire au nazisme, \u00e0 l\u2019instar de la Palestine, aujourd\u2019hui victime du sionisme, syst\u00e8me reconnu au niveau international comme \u00e9tant fond\u00e9 sur le racisme. \u00abBayt Dakira\u00bb, \u00e0 Essaouira, est le meilleur exemple illustrant l\u2019existence d\u2019une alternative en gestation, capable d\u2019abolir les<\/div>\n<p>Auteur: challenge<br \/>\n<a href=\"https:\/\/www.challenge.ma\/rencontre-de-la-fondation-brensthurst-oppenheimer-avec-bayt-dakira-a-essaouira-une-symbiose-spatio-temporelle-224071\/\">Cliquez ici pour lire l&rsquo;article depuis sa source.<\/a><\/p>\n","protected":false},"excerpt":{"rendered":"<p>L\u2019Afrique du Sud a \u00e9t\u00e9 historiquement victime d\u2019un syst\u00e8me d\u2019apartheid similaire au nazisme, \u00e0 l\u2019instar de la Palestine, aujourd\u2019hui victime du sionisme, syst\u00e8me reconnu au niveau international comme \u00e9tant fond\u00e9 sur le racisme. \u00abBayt Dakira\u00bb, \u00e0 Essaouira, est le meilleur exemple illustrant l\u2019existence d\u2019une alternative en gestation, capable d\u2019abolir les Auteur: challenge Cliquez ici pour [&hellip;]<\/p>\n","protected":false},"author":1787,"featured_media":0,"comment_status":"closed","ping_status":"closed","sticky":false,"template":"","format":"standard","meta":{"fifu_image_url":"https:\/\/www.challenge.ma\/wp-content\/uploads\/2021\/10\/Bayt-Dakira.jpg","fifu_image_alt":"Essaouira. Rencontre de la Fondation Brensthurst-Oppenheimer avec \u00abBayt Dakira\u00bb : une symbiose spatio-temporelle","footnotes":""},"categories":[78,54],"tags":[],"class_list":["post-130613","post","type-post","status-publish","format-standard","hentry","category-economie","category-maroc"],"_links":{"self":[{"href":"https:\/\/linitiative.ca\/International\/wp-json\/wp\/v2\/posts\/130613","targetHints":{"allow":["GET"]}}],"collection":[{"href":"https:\/\/linitiative.ca\/International\/wp-json\/wp\/v2\/posts"}],"about":[{"href":"https:\/\/linitiative.ca\/International\/wp-json\/wp\/v2\/types\/post"}],"author":[{"embeddable":true,"href":"https:\/\/linitiative.ca\/International\/wp-json\/wp\/v2\/users\/1787"}],"replies":[{"embeddable":true,"href":"https:\/\/linitiative.ca\/International\/wp-json\/wp\/v2\/comments?post=130613"}],"version-history":[{"count":0,"href":"https:\/\/linitiative.ca\/International\/wp-json\/wp\/v2\/posts\/130613\/revisions"}],"wp:attachment":[{"href":"https:\/\/linitiative.ca\/International\/wp-json\/wp\/v2\/media?parent=130613"}],"wp:term":[{"taxonomy":"category","embeddable":true,"href":"https:\/\/linitiative.ca\/International\/wp-json\/wp\/v2\/categories?post=130613"},{"taxonomy":"post_tag","embeddable":true,"href":"https:\/\/linitiative.ca\/International\/wp-json\/wp\/v2\/tags?post=130613"}],"curies":[{"name":"wp","href":"https:\/\/api.w.org\/{rel}","templated":true}]}}