{"id":130615,"date":"2021-10-21T15:08:35","date_gmt":"2021-10-21T19:08:35","guid":{"rendered":"https:\/\/linitiative.ca\/International\/covid-19-des-chercheurs-sinquietent-deventuels-dommages-sur-le-cerveau-etude\/"},"modified":"2021-10-21T15:08:35","modified_gmt":"2021-10-21T19:08:35","slug":"covid-19-des-chercheurs-sinquietent-deventuels-dommages-sur-le-cerveau-etude","status":"publish","type":"post","link":"https:\/\/linitiative.ca\/International\/covid-19-des-chercheurs-sinquietent-deventuels-dommages-sur-le-cerveau-etude\/","title":{"rendered":"Covid-19 : des chercheurs s\u2019inqui\u00e8tent d\u2019\u00e9ventuels dommages sur le cerveau [Etude]"},"content":{"rendered":"<div><img decoding=\"async\" width=\"1170\" height=\"530\" src=\"https:\/\/linitiative.ca\/International\/wp-content\/uploads\/sites\/23\/2021\/10\/covid99-1.jpg\" class=\"attachment-post-thumbnail size-post-thumbnail wp-post-image\" alt=\"\" loading=\"lazy\" srcset=\"https:\/\/linitiative.ca\/International\/wp-content\/uploads\/sites\/23\/2021\/10\/covid99-1.jpg 1170w, https:\/\/www.challenge.ma\/wp-content\/uploads\/2021\/10\/covid99-1-300x136.jpg 300w, https:\/\/www.challenge.ma\/wp-content\/uploads\/2021\/10\/covid99-1-1024x464.jpg 1024w, https:\/\/www.challenge.ma\/wp-content\/uploads\/2021\/10\/covid99-1-768x348.jpg 768w, https:\/\/www.challenge.ma\/wp-content\/uploads\/2021\/10\/covid99-1-360x163.jpg 360w, https:\/\/www.challenge.ma\/wp-content\/uploads\/2021\/10\/covid99-1-750x340.jpg 750w\" sizes=\"auto, (max-width: 1170px) 100vw, 1170px\" itemprop=\"image\">Une \u00e9tude scientifique men\u00e9e par des chercheurs fran\u00e7ais, espagnols et allemands, a \u00e9t\u00e9 publi\u00e9e jeudi 21\u00a0octobre dans la revue\u00a0Nature Neuroscience. Elle r\u00e9v\u00e8le qu\u2019en plus d\u2019attaquer les poumons, les dommages du virus sur le cerveau sont loin d\u2019\u00eatre anodins. Cette \u00e9tude\u00a0interroge sur les cons\u00e9quences \u00e0 long terme de la maladie. Avec<\/div>\n<p>Auteur: challenge<br \/>\n<a href=\"https:\/\/www.challenge.ma\/covid-19-des-chercheurs-sinquietent-deventuels-dommages-sur-le-cerveau-224085\/\">Cliquez ici pour lire l&rsquo;article depuis sa source.<\/a><\/p>\n","protected":false},"excerpt":{"rendered":"<p>Une \u00e9tude scientifique men\u00e9e par des chercheurs fran\u00e7ais, espagnols et allemands, a \u00e9t\u00e9 publi\u00e9e jeudi 21\u00a0octobre dans la revue\u00a0Nature Neuroscience. Elle r\u00e9v\u00e8le qu\u2019en plus d\u2019attaquer les poumons, les dommages du virus sur le cerveau sont loin d\u2019\u00eatre anodins. Cette \u00e9tude\u00a0interroge sur les cons\u00e9quences \u00e0 long terme de la maladie. Avec Auteur: challenge Cliquez ici pour [&hellip;]<\/p>\n","protected":false},"author":1787,"featured_media":0,"comment_status":"closed","ping_status":"closed","sticky":false,"template":"","format":"standard","meta":{"fifu_image_url":"https:\/\/www.challenge.ma\/wp-content\/uploads\/2021\/10\/covid99-1.jpg","fifu_image_alt":"Covid-19 : des chercheurs s\u2019inqui\u00e8tent d\u2019\u00e9ventuels dommages sur le cerveau [Etude]","footnotes":""},"categories":[78,54],"tags":[],"class_list":["post-130615","post","type-post","status-publish","format-standard","hentry","category-economie","category-maroc"],"_links":{"self":[{"href":"https:\/\/linitiative.ca\/International\/wp-json\/wp\/v2\/posts\/130615","targetHints":{"allow":["GET"]}}],"collection":[{"href":"https:\/\/linitiative.ca\/International\/wp-json\/wp\/v2\/posts"}],"about":[{"href":"https:\/\/linitiative.ca\/International\/wp-json\/wp\/v2\/types\/post"}],"author":[{"embeddable":true,"href":"https:\/\/linitiative.ca\/International\/wp-json\/wp\/v2\/users\/1787"}],"replies":[{"embeddable":true,"href":"https:\/\/linitiative.ca\/International\/wp-json\/wp\/v2\/comments?post=130615"}],"version-history":[{"count":0,"href":"https:\/\/linitiative.ca\/International\/wp-json\/wp\/v2\/posts\/130615\/revisions"}],"wp:attachment":[{"href":"https:\/\/linitiative.ca\/International\/wp-json\/wp\/v2\/media?parent=130615"}],"wp:term":[{"taxonomy":"category","embeddable":true,"href":"https:\/\/linitiative.ca\/International\/wp-json\/wp\/v2\/categories?post=130615"},{"taxonomy":"post_tag","embeddable":true,"href":"https:\/\/linitiative.ca\/International\/wp-json\/wp\/v2\/tags?post=130615"}],"curies":[{"name":"wp","href":"https:\/\/api.w.org\/{rel}","templated":true}]}}