{"id":130617,"date":"2021-10-21T15:20:51","date_gmt":"2021-10-21T19:20:51","guid":{"rendered":"https:\/\/linitiative.ca\/International\/parlement-seance-pleniere-lundi-25-octobre-pour-presenter-le-plf2022\/"},"modified":"2021-10-21T15:20:51","modified_gmt":"2021-10-21T19:20:51","slug":"parlement-seance-pleniere-lundi-25-octobre-pour-presenter-le-plf2022","status":"publish","type":"post","link":"https:\/\/linitiative.ca\/International\/parlement-seance-pleniere-lundi-25-octobre-pour-presenter-le-plf2022\/","title":{"rendered":"Parlement: S\u00e9ance pl\u00e9ni\u00e8re lundi 25 Octobre pour pr\u00e9senter le PLF2022"},"content":{"rendered":"<div><img decoding=\"async\" width=\"588\" height=\"330\" src=\"https:\/\/linitiative.ca\/International\/wp-content\/uploads\/sites\/23\/2021\/10\/PARLEMENT-1.jpg\" class=\"attachment-post-thumbnail size-post-thumbnail wp-post-image\" alt=\"\" loading=\"lazy\" srcset=\"https:\/\/linitiative.ca\/International\/wp-content\/uploads\/sites\/23\/2021\/10\/PARLEMENT-1.jpg 588w, https:\/\/www.challenge.ma\/wp-content\/uploads\/2021\/10\/PARLEMENT-1-300x168.jpg 300w, https:\/\/www.challenge.ma\/wp-content\/uploads\/2021\/10\/PARLEMENT-1-360x202.jpg 360w\" sizes=\"auto, (max-width: 588px) 100vw, 588px\" itemprop=\"image\">Les chambres des repr\u00e9sentants et des conseillers tiendront, lundi prochain, une s\u00e9ance pl\u00e9ni\u00e8re conjointe consacr\u00e9e \u00e0 la pr\u00e9sentation du projet de loi de finances (PLF) 2022 par la ministre de l\u2019\u00c9conomie et des Finances. Cette s\u00e9ance, qui se tient conform\u00e9ment aux dispositions de l\u2019article 68 de la Constitution, est pr\u00e9vue<\/div>\n<p>Auteur: challenge<br \/>\n<a href=\"https:\/\/www.challenge.ma\/parlement-seance-pleniere-conjointe-des-deux-chambres-lundi-pour-presenter-le-plf2022-224094\/\">Cliquez ici pour lire l&rsquo;article depuis sa source.<\/a><\/p>\n","protected":false},"excerpt":{"rendered":"<p>Les chambres des repr\u00e9sentants et des conseillers tiendront, lundi prochain, une s\u00e9ance pl\u00e9ni\u00e8re conjointe consacr\u00e9e \u00e0 la pr\u00e9sentation du projet de loi de finances (PLF) 2022 par la ministre de l\u2019\u00c9conomie et des Finances. Cette s\u00e9ance, qui se tient conform\u00e9ment aux dispositions de l\u2019article 68 de la Constitution, est pr\u00e9vue Auteur: challenge Cliquez ici pour [&hellip;]<\/p>\n","protected":false},"author":1787,"featured_media":0,"comment_status":"closed","ping_status":"closed","sticky":false,"template":"","format":"standard","meta":{"fifu_image_url":"https:\/\/www.challenge.ma\/wp-content\/uploads\/2021\/10\/PARLEMENT-1.jpg","fifu_image_alt":"Parlement: S\u00e9ance pl\u00e9ni\u00e8re lundi 25 Octobre pour pr\u00e9senter le PLF2022","footnotes":""},"categories":[78,54],"tags":[],"class_list":["post-130617","post","type-post","status-publish","format-standard","hentry","category-economie","category-maroc"],"_links":{"self":[{"href":"https:\/\/linitiative.ca\/International\/wp-json\/wp\/v2\/posts\/130617","targetHints":{"allow":["GET"]}}],"collection":[{"href":"https:\/\/linitiative.ca\/International\/wp-json\/wp\/v2\/posts"}],"about":[{"href":"https:\/\/linitiative.ca\/International\/wp-json\/wp\/v2\/types\/post"}],"author":[{"embeddable":true,"href":"https:\/\/linitiative.ca\/International\/wp-json\/wp\/v2\/users\/1787"}],"replies":[{"embeddable":true,"href":"https:\/\/linitiative.ca\/International\/wp-json\/wp\/v2\/comments?post=130617"}],"version-history":[{"count":0,"href":"https:\/\/linitiative.ca\/International\/wp-json\/wp\/v2\/posts\/130617\/revisions"}],"wp:attachment":[{"href":"https:\/\/linitiative.ca\/International\/wp-json\/wp\/v2\/media?parent=130617"}],"wp:term":[{"taxonomy":"category","embeddable":true,"href":"https:\/\/linitiative.ca\/International\/wp-json\/wp\/v2\/categories?post=130617"},{"taxonomy":"post_tag","embeddable":true,"href":"https:\/\/linitiative.ca\/International\/wp-json\/wp\/v2\/tags?post=130617"}],"curies":[{"name":"wp","href":"https:\/\/api.w.org\/{rel}","templated":true}]}}