{"id":130619,"date":"2021-10-21T15:09:25","date_gmt":"2021-10-21T19:09:25","guid":{"rendered":"https:\/\/linitiative.ca\/International\/tunisie-coupure-du-courant-electrique-dans-cette-zone\/"},"modified":"2021-10-21T15:09:25","modified_gmt":"2021-10-21T19:09:25","slug":"tunisie-coupure-du-courant-electrique-dans-cette-zone","status":"publish","type":"post","link":"https:\/\/linitiative.ca\/International\/tunisie-coupure-du-courant-electrique-dans-cette-zone\/","title":{"rendered":"Tunisie: Coupure du courant \u00e9l\u00e9ctrique dans cette zone"},"content":{"rendered":"<div>\n<p>Une coupure du courant \u00e9lectrique est survenue aujourd\u2019hui 21 octobre 2021, depuis 14H00 selon la d\u00e9claration des habitants du secteur Bhar Lazreg de la d\u00e9l\u00e9gation de la Marsa \u00e0 Tunisienumerique. Ils ont indiqu\u00e9 que les agents de la STEG ont entam\u00e9 cet apr\u00e8s-midi des travaux dans le quartier et qu\u2019ils \u201csont plong\u00e9s dans le noir\u201d. [\u2026]<\/p>\n<p>L\u2019article <a href=\"https:\/\/www.tunisienumerique.com\/tunisie-coupure-du-courant-electrique-dans-cette-zone\/\">Tunisie: Coupure du courant \u00e9l\u00e9ctrique dans cette zone<\/a> est apparu en premier sur <a href=\"https:\/\/www.tunisienumerique.com\/\">Tunisie<\/a>.<\/p>\n<\/div>\n<p>Auteur: rania ben slimane<br \/>\n<a href=\"https:\/\/www.tunisienumerique.com\/tunisie-coupure-du-courant-electrique-dans-cette-zone\/\">Cliquez ici pour lire l&rsquo;article depuis sa source.<\/a><\/p>\n","protected":false},"excerpt":{"rendered":"<p>Une coupure du courant \u00e9lectrique est survenue aujourd\u2019hui 21 octobre 2021, depuis 14H00 selon la d\u00e9claration des habitants du secteur Bhar Lazreg de la d\u00e9l\u00e9gation de la Marsa \u00e0 Tunisienumerique. Ils ont indiqu\u00e9 que les agents de la STEG ont entam\u00e9 cet apr\u00e8s-midi des travaux dans le quartier et qu\u2019ils \u201csont plong\u00e9s dans le noir\u201d. [&hellip;]<\/p>\n","protected":false},"author":1789,"featured_media":0,"comment_status":"closed","ping_status":"closed","sticky":false,"template":"","format":"standard","meta":{"fifu_image_url":"","fifu_image_alt":"","footnotes":""},"categories":[73,55],"tags":[],"class_list":["post-130619","post","type-post","status-publish","format-standard","hentry","category-actualite","category-tunisie"],"_links":{"self":[{"href":"https:\/\/linitiative.ca\/International\/wp-json\/wp\/v2\/posts\/130619","targetHints":{"allow":["GET"]}}],"collection":[{"href":"https:\/\/linitiative.ca\/International\/wp-json\/wp\/v2\/posts"}],"about":[{"href":"https:\/\/linitiative.ca\/International\/wp-json\/wp\/v2\/types\/post"}],"author":[{"embeddable":true,"href":"https:\/\/linitiative.ca\/International\/wp-json\/wp\/v2\/users\/1789"}],"replies":[{"embeddable":true,"href":"https:\/\/linitiative.ca\/International\/wp-json\/wp\/v2\/comments?post=130619"}],"version-history":[{"count":0,"href":"https:\/\/linitiative.ca\/International\/wp-json\/wp\/v2\/posts\/130619\/revisions"}],"wp:attachment":[{"href":"https:\/\/linitiative.ca\/International\/wp-json\/wp\/v2\/media?parent=130619"}],"wp:term":[{"taxonomy":"category","embeddable":true,"href":"https:\/\/linitiative.ca\/International\/wp-json\/wp\/v2\/categories?post=130619"},{"taxonomy":"post_tag","embeddable":true,"href":"https:\/\/linitiative.ca\/International\/wp-json\/wp\/v2\/tags?post=130619"}],"curies":[{"name":"wp","href":"https:\/\/api.w.org\/{rel}","templated":true}]}}