{"id":130623,"date":"2021-10-21T17:04:22","date_gmt":"2021-10-21T21:04:22","guid":{"rendered":"https:\/\/linitiative.ca\/International\/tunisie-kais-saied-devoile-son-programme-economique-en-attendant-les-mesures-de-sa-mise-en-application\/"},"modified":"2021-10-21T17:04:22","modified_gmt":"2021-10-21T21:04:22","slug":"tunisie-kais-saied-devoile-son-programme-economique-en-attendant-les-mesures-de-sa-mise-en-application","status":"publish","type":"post","link":"https:\/\/linitiative.ca\/International\/tunisie-kais-saied-devoile-son-programme-economique-en-attendant-les-mesures-de-sa-mise-en-application\/","title":{"rendered":"Tunisie \u2013 Ka\u00efs Sa\u00efed d\u00e9voile son programme \u00e9conomique\u2026 En attendant les mesures de sa mise en application"},"content":{"rendered":"<div>\n<p>Le silence et, aussi, la s\u00e9r\u00e9nit\u00e9 apparente du r\u00e9sident de la R\u00e9publique, en rapport avec la situation \u00e9conomique, alors que le pays est au creux de la vague d\u2019une crise \u00e9touffante, commen\u00e7aient \u00e0 donner des frissons aux observateurs. Son apparente indiff\u00e9rence face \u00e0 la situation \u00e9conomique, ainsi que son arrogance et son intransigeance affich\u00e9es face [\u2026]<\/p>\n<p>L\u2019article <a href=\"https:\/\/www.tunisienumerique.com\/tunisie-kais-saied-devoile-son-programme-economique-en-attendant-les-mesures-de-sa-mise-en-application\/\">Tunisie \u2013 Ka\u00efs Sa\u00efed d\u00e9voile son programme \u00e9conomique\u2026 En attendant les mesures de sa mise en application<\/a> est apparu en premier sur <a href=\"https:\/\/www.tunisienumerique.com\/\">Tunisie<\/a>.<\/p>\n<\/div>\n<p>Auteur: Ramsis<br \/>\n<a href=\"https:\/\/www.tunisienumerique.com\/tunisie-kais-saied-devoile-son-programme-economique-en-attendant-les-mesures-de-sa-mise-en-application\/\">Cliquez ici pour lire l&rsquo;article depuis sa source.<\/a><\/p>\n","protected":false},"excerpt":{"rendered":"<p>Le silence et, aussi, la s\u00e9r\u00e9nit\u00e9 apparente du r\u00e9sident de la R\u00e9publique, en rapport avec la situation \u00e9conomique, alors que le pays est au creux de la vague d\u2019une crise \u00e9touffante, commen\u00e7aient \u00e0 donner des frissons aux observateurs. Son apparente indiff\u00e9rence face \u00e0 la situation \u00e9conomique, ainsi que son arrogance et son intransigeance affich\u00e9es face [&hellip;]<\/p>\n","protected":false},"author":1789,"featured_media":0,"comment_status":"closed","ping_status":"closed","sticky":false,"template":"","format":"standard","meta":{"fifu_image_url":"","fifu_image_alt":"","footnotes":""},"categories":[73,55],"tags":[],"class_list":["post-130623","post","type-post","status-publish","format-standard","hentry","category-actualite","category-tunisie"],"_links":{"self":[{"href":"https:\/\/linitiative.ca\/International\/wp-json\/wp\/v2\/posts\/130623","targetHints":{"allow":["GET"]}}],"collection":[{"href":"https:\/\/linitiative.ca\/International\/wp-json\/wp\/v2\/posts"}],"about":[{"href":"https:\/\/linitiative.ca\/International\/wp-json\/wp\/v2\/types\/post"}],"author":[{"embeddable":true,"href":"https:\/\/linitiative.ca\/International\/wp-json\/wp\/v2\/users\/1789"}],"replies":[{"embeddable":true,"href":"https:\/\/linitiative.ca\/International\/wp-json\/wp\/v2\/comments?post=130623"}],"version-history":[{"count":0,"href":"https:\/\/linitiative.ca\/International\/wp-json\/wp\/v2\/posts\/130623\/revisions"}],"wp:attachment":[{"href":"https:\/\/linitiative.ca\/International\/wp-json\/wp\/v2\/media?parent=130623"}],"wp:term":[{"taxonomy":"category","embeddable":true,"href":"https:\/\/linitiative.ca\/International\/wp-json\/wp\/v2\/categories?post=130623"},{"taxonomy":"post_tag","embeddable":true,"href":"https:\/\/linitiative.ca\/International\/wp-json\/wp\/v2\/tags?post=130623"}],"curies":[{"name":"wp","href":"https:\/\/api.w.org\/{rel}","templated":true}]}}