{"id":130624,"date":"2021-10-21T16:52:32","date_gmt":"2021-10-21T20:52:32","guid":{"rendered":"https:\/\/linitiative.ca\/International\/feremeture-des-ecoles-a-kantchari\/"},"modified":"2021-10-21T16:52:32","modified_gmt":"2021-10-21T20:52:32","slug":"feremeture-des-ecoles-a-kantchari","status":"publish","type":"post","link":"https:\/\/linitiative.ca\/International\/feremeture-des-ecoles-a-kantchari\/","title":{"rendered":"FEREMETURE DES ECOLES A KANTCHARI"},"content":{"rendered":"<div>\n<p><img decoding=\"async\" width=\"1137\" height=\"636\" src=\"https:\/\/linitiative.ca\/International\/wp-content\/uploads\/sites\/23\/2021\/10\/lepaysresponsive.png\" class=\"attachment- default-featured-img\" alt=\"\" loading=\"lazy\" srcset=\"https:\/\/linitiative.ca\/International\/wp-content\/uploads\/sites\/23\/2021\/10\/lepaysresponsive.png 1137w, https:\/\/lepays.bf\/wp-content\/uploads\/2017\/07\/lepaysresponsive-300x168.png 300w, https:\/\/lepays.bf\/wp-content\/uploads\/2017\/07\/lepaysresponsive-768x430.png 768w, https:\/\/lepays.bf\/wp-content\/uploads\/2017\/07\/lepaysresponsive-1024x573.png 1024w\" sizes=\"auto, (max-width: 1137px) 100vw, 1137px\">Alors qu\u2019elles viennent \u00e0 peine d\u2019ouvrir leurs portes, au titre de la rentr\u00e9e scolaire 2021-2022, les \u00e9coles de la commune de Kantchari les ont aussit\u00f4t referm\u00e9es. La raison\u00a0: des menaces terroristes. \u00a0En tant que fou, la question qui me vient \u00e0 l\u2019esprit est la suivante\u00a0: le Burkina a-t-il capitul\u00e9 face \u00e0 l\u2019hydre terroriste\u00a0? A chacun \u2026<\/p>\n<p>L\u2019article <a rel=\"nofollow\" href=\"https:\/\/lepays.bf\/feremeture-des-ecoles-a-kantchari\/\">FEREMETURE DES ECOLES A KANTCHARI<\/a> est apparu en premier sur <a rel=\"nofollow\" href=\"https:\/\/lepays.bf\/\">Editions Le Pays<\/a>.<\/p>\n<\/div>\n<p>Auteur: Editions LEPAYS<br \/>\n<a href=\"https:\/\/lepays.bf\/feremeture-des-ecoles-a-kantchari\/\">Cliquez ici pour lire l&rsquo;article depuis sa source.<\/a><\/p>\n","protected":false},"excerpt":{"rendered":"<p>Alors qu\u2019elles viennent \u00e0 peine d\u2019ouvrir leurs portes, au titre de la rentr\u00e9e scolaire 2021-2022, les \u00e9coles de la commune de Kantchari les ont aussit\u00f4t referm\u00e9es. La raison\u00a0: des menaces terroristes. \u00a0En tant que fou, la question qui me vient \u00e0 l\u2019esprit est la suivante\u00a0: le Burkina a-t-il capitul\u00e9 face \u00e0 l\u2019hydre terroriste\u00a0? A chacun [&hellip;]<\/p>\n","protected":false},"author":1813,"featured_media":0,"comment_status":"closed","ping_status":"closed","sticky":false,"template":"","format":"standard","meta":{"fifu_image_url":"https:\/\/lepays.bf\/wp-content\/uploads\/2017\/07\/lepaysresponsive.png","fifu_image_alt":"FEREMETURE DES ECOLES A KANTCHARI","footnotes":""},"categories":[73,81],"tags":[],"class_list":["post-130624","post","type-post","status-publish","format-standard","hentry","category-actualite","category-burkina-faso"],"_links":{"self":[{"href":"https:\/\/linitiative.ca\/International\/wp-json\/wp\/v2\/posts\/130624","targetHints":{"allow":["GET"]}}],"collection":[{"href":"https:\/\/linitiative.ca\/International\/wp-json\/wp\/v2\/posts"}],"about":[{"href":"https:\/\/linitiative.ca\/International\/wp-json\/wp\/v2\/types\/post"}],"author":[{"embeddable":true,"href":"https:\/\/linitiative.ca\/International\/wp-json\/wp\/v2\/users\/1813"}],"replies":[{"embeddable":true,"href":"https:\/\/linitiative.ca\/International\/wp-json\/wp\/v2\/comments?post=130624"}],"version-history":[{"count":0,"href":"https:\/\/linitiative.ca\/International\/wp-json\/wp\/v2\/posts\/130624\/revisions"}],"wp:attachment":[{"href":"https:\/\/linitiative.ca\/International\/wp-json\/wp\/v2\/media?parent=130624"}],"wp:term":[{"taxonomy":"category","embeddable":true,"href":"https:\/\/linitiative.ca\/International\/wp-json\/wp\/v2\/categories?post=130624"},{"taxonomy":"post_tag","embeddable":true,"href":"https:\/\/linitiative.ca\/International\/wp-json\/wp\/v2\/tags?post=130624"}],"curies":[{"name":"wp","href":"https:\/\/api.w.org\/{rel}","templated":true}]}}