{"id":130626,"date":"2021-10-21T16:55:16","date_gmt":"2021-10-21T20:55:16","guid":{"rendered":"https:\/\/linitiative.ca\/International\/conference-internationale-de-tripoli-sur-la-crise-libyenne\/"},"modified":"2021-10-21T16:55:16","modified_gmt":"2021-10-21T20:55:16","slug":"conference-internationale-de-tripoli-sur-la-crise-libyenne","status":"publish","type":"post","link":"https:\/\/linitiative.ca\/International\/conference-internationale-de-tripoli-sur-la-crise-libyenne\/","title":{"rendered":"CONFERENCE INTERNATIONALE DE TRIPOLI SUR LA CRISE LIBYENNE"},"content":{"rendered":"<div>\n<p><img decoding=\"async\" width=\"664\" height=\"400\" src=\"https:\/\/linitiative.ca\/International\/wp-content\/uploads\/sites\/23\/2021\/10\/TRIPOLI.jpg\" class=\"attachment- size- wp-post-image\" alt=\"\" loading=\"lazy\" style=\"float:left; margin:0 15px 15px 0;\" srcset=\"https:\/\/linitiative.ca\/International\/wp-content\/uploads\/sites\/23\/2021\/10\/TRIPOLI.jpg 664w, https:\/\/lepays.bf\/wp-content\/uploads\/2021\/10\/TRIPOLI-300x181.jpg 300w\" sizes=\"auto, (max-width: 664px) 100vw, 664px\">Hier, 21 octobre 2021, s\u2019est tenue \u00e0 Tripoli, la capitale libyenne, une conf\u00e9rence minist\u00e9rielle internationale pour la stabilit\u00e9 du pays. Une trentaine de d\u00e9l\u00e9gations minist\u00e9rielles \u00e9taient pr\u00e9sentes \u00e0 cette conf\u00e9rence internationale organis\u00e9e par le minist\u00e8re libyen des Affaires \u00e9trang\u00e8res, parmi lesquelles celle de la France conduite par son premier responsable, Jean-Yves Le Drian, celle de \u2026<\/p>\n<p>L\u2019article <a rel=\"nofollow\" href=\"https:\/\/lepays.bf\/conference-internationale-de-tripoli-sur-la-crise-libyenne\/\">CONFERENCE INTERNATIONALE DE TRIPOLI SUR LA CRISE LIBYENNE<\/a> est apparu en premier sur <a rel=\"nofollow\" href=\"https:\/\/lepays.bf\/\">Editions Le Pays<\/a>.<\/p>\n<\/div>\n<p>Auteur: Editions LEPAYS<br \/>\n<a href=\"https:\/\/lepays.bf\/conference-internationale-de-tripoli-sur-la-crise-libyenne\/\">Cliquez ici pour lire l&rsquo;article depuis sa source.<\/a><\/p>\n","protected":false},"excerpt":{"rendered":"<p>Hier, 21 octobre 2021, s\u2019est tenue \u00e0 Tripoli, la capitale libyenne, une conf\u00e9rence minist\u00e9rielle internationale pour la stabilit\u00e9 du pays. Une trentaine de d\u00e9l\u00e9gations minist\u00e9rielles \u00e9taient pr\u00e9sentes \u00e0 cette conf\u00e9rence internationale organis\u00e9e par le minist\u00e8re libyen des Affaires \u00e9trang\u00e8res, parmi lesquelles celle de la France conduite par son premier responsable, Jean-Yves Le Drian, celle de [&hellip;]<\/p>\n","protected":false},"author":1813,"featured_media":0,"comment_status":"closed","ping_status":"closed","sticky":false,"template":"","format":"standard","meta":{"fifu_image_url":"https:\/\/lepays.bf\/wp-content\/uploads\/2021\/10\/TRIPOLI.jpg","fifu_image_alt":"CONFERENCE INTERNATIONALE DE TRIPOLI SUR LA CRISE LIBYENNE","footnotes":""},"categories":[73,81],"tags":[],"class_list":["post-130626","post","type-post","status-publish","format-standard","hentry","category-actualite","category-burkina-faso"],"_links":{"self":[{"href":"https:\/\/linitiative.ca\/International\/wp-json\/wp\/v2\/posts\/130626","targetHints":{"allow":["GET"]}}],"collection":[{"href":"https:\/\/linitiative.ca\/International\/wp-json\/wp\/v2\/posts"}],"about":[{"href":"https:\/\/linitiative.ca\/International\/wp-json\/wp\/v2\/types\/post"}],"author":[{"embeddable":true,"href":"https:\/\/linitiative.ca\/International\/wp-json\/wp\/v2\/users\/1813"}],"replies":[{"embeddable":true,"href":"https:\/\/linitiative.ca\/International\/wp-json\/wp\/v2\/comments?post=130626"}],"version-history":[{"count":0,"href":"https:\/\/linitiative.ca\/International\/wp-json\/wp\/v2\/posts\/130626\/revisions"}],"wp:attachment":[{"href":"https:\/\/linitiative.ca\/International\/wp-json\/wp\/v2\/media?parent=130626"}],"wp:term":[{"taxonomy":"category","embeddable":true,"href":"https:\/\/linitiative.ca\/International\/wp-json\/wp\/v2\/categories?post=130626"},{"taxonomy":"post_tag","embeddable":true,"href":"https:\/\/linitiative.ca\/International\/wp-json\/wp\/v2\/tags?post=130626"}],"curies":[{"name":"wp","href":"https:\/\/api.w.org\/{rel}","templated":true}]}}