{"id":130630,"date":"2021-10-21T17:05:54","date_gmt":"2021-10-21T21:05:54","guid":{"rendered":"https:\/\/linitiative.ca\/International\/elimination-dun-cadre-du-gsim-dans-le-gourma\/"},"modified":"2021-10-21T17:05:54","modified_gmt":"2021-10-21T21:05:54","slug":"elimination-dun-cadre-du-gsim-dans-le-gourma","status":"publish","type":"post","link":"https:\/\/linitiative.ca\/International\/elimination-dun-cadre-du-gsim-dans-le-gourma\/","title":{"rendered":"ELIMINATION D\u2019UN CADRE DU GSIM DANS LE GOURMA"},"content":{"rendered":"<div>\n<p><img decoding=\"async\" width=\"664\" height=\"443\" src=\"https:\/\/linitiative.ca\/International\/wp-content\/uploads\/sites\/23\/2021\/10\/BARKHANE-2-1.jpg\" class=\"attachment- size- wp-post-image\" alt=\"\" loading=\"lazy\" style=\"float:left; margin:0 15px 15px 0;\" srcset=\"https:\/\/linitiative.ca\/International\/wp-content\/uploads\/sites\/23\/2021\/10\/BARKHANE-2-1.jpg 664w, https:\/\/lepays.bf\/wp-content\/uploads\/2021\/10\/BARKHANE-2-1-300x200.jpg 300w\" sizes=\"auto, (max-width: 664px) 100vw, 664px\">L\u2019information a \u00e9t\u00e9 donn\u00e9e par l\u2019Etat-major de l\u2019arm\u00e9e fran\u00e7aise, le jeudi 21 octobre. Nasser al-Tergui, cadre de premier plan du Groupe de Soutien \u00e0 l\u2019Islam et aux Musulmans (GSIM) affili\u00e9 \u00e0 Al Qaeda et\u00a0 num\u00e9ro deux de la katiba du Gourma Serma et chef de celle du Gourma, a \u00e9t\u00e9 neutralis\u00e9 par Barkhane au Nord-Ouest \u2026<\/p>\n<p>L\u2019article <a rel=\"nofollow\" href=\"https:\/\/lepays.bf\/elimination-dun-cadre-du-gsim-dans-le-gourma\/\">ELIMINATION D\u2019UN CADRE DU GSIM DANS LE GOURMA<\/a> est apparu en premier sur <a rel=\"nofollow\" href=\"https:\/\/lepays.bf\/\">Editions Le Pays<\/a>.<\/p>\n<\/div>\n<p>Auteur: Editions LEPAYS<br \/>\n<a href=\"https:\/\/lepays.bf\/elimination-dun-cadre-du-gsim-dans-le-gourma\/\">Cliquez ici pour lire l&rsquo;article depuis sa source.<\/a><\/p>\n","protected":false},"excerpt":{"rendered":"<p>L\u2019information a \u00e9t\u00e9 donn\u00e9e par l\u2019Etat-major de l\u2019arm\u00e9e fran\u00e7aise, le jeudi 21 octobre. Nasser al-Tergui, cadre de premier plan du Groupe de Soutien \u00e0 l\u2019Islam et aux Musulmans (GSIM) affili\u00e9 \u00e0 Al Qaeda et\u00a0 num\u00e9ro deux de la katiba du Gourma Serma et chef de celle du Gourma, a \u00e9t\u00e9 neutralis\u00e9 par Barkhane au Nord-Ouest [&hellip;]<\/p>\n","protected":false},"author":1813,"featured_media":0,"comment_status":"closed","ping_status":"closed","sticky":false,"template":"","format":"standard","meta":{"fifu_image_url":"https:\/\/lepays.bf\/wp-content\/uploads\/2021\/10\/BARKHANE-2-1.jpg","fifu_image_alt":"ELIMINATION D\u2019UN CADRE DU GSIM DANS LE GOURMA","footnotes":""},"categories":[73,81],"tags":[],"class_list":["post-130630","post","type-post","status-publish","format-standard","hentry","category-actualite","category-burkina-faso"],"_links":{"self":[{"href":"https:\/\/linitiative.ca\/International\/wp-json\/wp\/v2\/posts\/130630","targetHints":{"allow":["GET"]}}],"collection":[{"href":"https:\/\/linitiative.ca\/International\/wp-json\/wp\/v2\/posts"}],"about":[{"href":"https:\/\/linitiative.ca\/International\/wp-json\/wp\/v2\/types\/post"}],"author":[{"embeddable":true,"href":"https:\/\/linitiative.ca\/International\/wp-json\/wp\/v2\/users\/1813"}],"replies":[{"embeddable":true,"href":"https:\/\/linitiative.ca\/International\/wp-json\/wp\/v2\/comments?post=130630"}],"version-history":[{"count":0,"href":"https:\/\/linitiative.ca\/International\/wp-json\/wp\/v2\/posts\/130630\/revisions"}],"wp:attachment":[{"href":"https:\/\/linitiative.ca\/International\/wp-json\/wp\/v2\/media?parent=130630"}],"wp:term":[{"taxonomy":"category","embeddable":true,"href":"https:\/\/linitiative.ca\/International\/wp-json\/wp\/v2\/categories?post=130630"},{"taxonomy":"post_tag","embeddable":true,"href":"https:\/\/linitiative.ca\/International\/wp-json\/wp\/v2\/tags?post=130630"}],"curies":[{"name":"wp","href":"https:\/\/api.w.org\/{rel}","templated":true}]}}