{"id":130632,"date":"2021-10-21T17:09:29","date_gmt":"2021-10-21T21:09:29","guid":{"rendered":"https:\/\/linitiative.ca\/International\/passe-darmes-entre-gbagbo-et-le-gouvernement-a-propos-de-sa-condamnation-par-la-justice-ivoiriene\/"},"modified":"2021-10-21T17:09:29","modified_gmt":"2021-10-21T21:09:29","slug":"passe-darmes-entre-gbagbo-et-le-gouvernement-a-propos-de-sa-condamnation-par-la-justice-ivoiriene","status":"publish","type":"post","link":"https:\/\/linitiative.ca\/International\/passe-darmes-entre-gbagbo-et-le-gouvernement-a-propos-de-sa-condamnation-par-la-justice-ivoiriene\/","title":{"rendered":"PASSE D\u2019ARMES ENTRE GBAGBO ET LE GOUVERNEMENT A PROPOS DE SA CONDAMNATION PAR LA JUSTICE IVOIRIENE"},"content":{"rendered":"<div>\n<p><img decoding=\"async\" width=\"592\" height=\"296\" src=\"https:\/\/linitiative.ca\/International\/wp-content\/uploads\/sites\/23\/2021\/10\/POURSUITE.jpg\" class=\"attachment- size- wp-post-image\" alt=\"\" loading=\"lazy\" style=\"float:left; margin:0 15px 15px 0;\" srcset=\"https:\/\/linitiative.ca\/International\/wp-content\/uploads\/sites\/23\/2021\/10\/POURSUITE.jpg 592w, https:\/\/lepays.bf\/wp-content\/uploads\/2021\/10\/POURSUITE-300x150.jpg 300w\" sizes=\"auto, (max-width: 592px) 100vw, 592px\">D\u00e9finitivement acquitt\u00e9 en mars dernier par la Cour p\u00e9nale internationale (CPI), Laurent Gbagbo a foul\u00e9 le sol ivoirien le 17 juin 2021. On s\u2019en souvient, l\u2019homme avait \u00e9t\u00e9 accueilli par des milliers de partisans en liesse. Et le moins que l\u2019on puisse dire, est que l\u2019\u00e9motion \u00e9tait au rendez-vous et que le Christ de Mama \u2026<\/p>\n<p>L\u2019article <a rel=\"nofollow\" href=\"https:\/\/lepays.bf\/passe-darmes-entre-gbagbo-et-le-gouvernement-a-propos-de-sa-condamnation-par-la-justice-ivoiriene\/\">PASSE D\u2019ARMES ENTRE GBAGBO ET LE GOUVERNEMENT A PROPOS DE SA CONDAMNATION PAR LA JUSTICE IVOIRIENE<\/a> est apparu en premier sur <a rel=\"nofollow\" href=\"https:\/\/lepays.bf\/\">Editions Le Pays<\/a>.<\/p>\n<\/div>\n<p>Auteur: Editions LEPAYS<br \/>\n<a href=\"https:\/\/lepays.bf\/passe-darmes-entre-gbagbo-et-le-gouvernement-a-propos-de-sa-condamnation-par-la-justice-ivoiriene\/\">Cliquez ici pour lire l&rsquo;article depuis sa source.<\/a><\/p>\n","protected":false},"excerpt":{"rendered":"<p>D\u00e9finitivement acquitt\u00e9 en mars dernier par la Cour p\u00e9nale internationale (CPI), Laurent Gbagbo a foul\u00e9 le sol ivoirien le 17 juin 2021. On s\u2019en souvient, l\u2019homme avait \u00e9t\u00e9 accueilli par des milliers de partisans en liesse. Et le moins que l\u2019on puisse dire, est que l\u2019\u00e9motion \u00e9tait au rendez-vous et que le Christ de Mama [&hellip;]<\/p>\n","protected":false},"author":1813,"featured_media":0,"comment_status":"closed","ping_status":"closed","sticky":false,"template":"","format":"standard","meta":{"fifu_image_url":"https:\/\/lepays.bf\/wp-content\/uploads\/2021\/10\/POURSUITE.jpg","fifu_image_alt":"PASSE D\u2019ARMES ENTRE GBAGBO ET LE GOUVERNEMENT A PROPOS DE SA CONDAMNATION PAR LA JUSTICE IVOIRIENE","footnotes":""},"categories":[73,81],"tags":[],"class_list":["post-130632","post","type-post","status-publish","format-standard","hentry","category-actualite","category-burkina-faso"],"_links":{"self":[{"href":"https:\/\/linitiative.ca\/International\/wp-json\/wp\/v2\/posts\/130632","targetHints":{"allow":["GET"]}}],"collection":[{"href":"https:\/\/linitiative.ca\/International\/wp-json\/wp\/v2\/posts"}],"about":[{"href":"https:\/\/linitiative.ca\/International\/wp-json\/wp\/v2\/types\/post"}],"author":[{"embeddable":true,"href":"https:\/\/linitiative.ca\/International\/wp-json\/wp\/v2\/users\/1813"}],"replies":[{"embeddable":true,"href":"https:\/\/linitiative.ca\/International\/wp-json\/wp\/v2\/comments?post=130632"}],"version-history":[{"count":0,"href":"https:\/\/linitiative.ca\/International\/wp-json\/wp\/v2\/posts\/130632\/revisions"}],"wp:attachment":[{"href":"https:\/\/linitiative.ca\/International\/wp-json\/wp\/v2\/media?parent=130632"}],"wp:term":[{"taxonomy":"category","embeddable":true,"href":"https:\/\/linitiative.ca\/International\/wp-json\/wp\/v2\/categories?post=130632"},{"taxonomy":"post_tag","embeddable":true,"href":"https:\/\/linitiative.ca\/International\/wp-json\/wp\/v2\/tags?post=130632"}],"curies":[{"name":"wp","href":"https:\/\/api.w.org\/{rel}","templated":true}]}}