{"id":130634,"date":"2021-10-20T18:08:06","date_gmt":"2021-10-20T22:08:06","guid":{"rendered":"https:\/\/linitiative.ca\/International\/sd3c-g5-sahel-senegal-les-objectifs-du-programme-presentes\/"},"modified":"2021-10-20T18:08:06","modified_gmt":"2021-10-20T22:08:06","slug":"sd3c-g5-sahel-senegal-les-objectifs-du-programme-presentes","status":"publish","type":"post","link":"https:\/\/linitiative.ca\/International\/sd3c-g5-sahel-senegal-les-objectifs-du-programme-presentes\/","title":{"rendered":"\u00ab\u00a0SD3C-G5 Sahel+ S\u00e9n\u00e9gal\u00a0\u00bb : Les objectifs du programme pr\u00e9sent\u00e9s"},"content":{"rendered":"<div>\n<p><strong>L\u2019atelier technique de lancement du programme conjoint Sahel en r\u00e9ponse aux d\u00e9fis COVID19, conflits et changements climatiques se tient les 20 et 21 octobre 2021 \u00e0 Ouagadougou.<\/strong><\/p>\n<p>L\u2019unit\u00e9 de gestion du programme conjoint Sahel en r\u00e9ponse aux d\u00e9fis COVID-19, conflits et changements climatiques (SD3C-G5 Sahel+ S\u00e9n\u00e9gal) souhaite mettre toutes les parties prenantes au m\u00eame niveau d\u2019information par rapport aux objectifs et aux r\u00e9sultats attendus du programme. C\u2019est dans ce cadre qu\u2019elle organise un atelier technique de d\u00e9marrage les 20 et 21 octobre 2021 \u00e0 Ouagadougou.<\/p>\n<p>Selon le coordonnateur du programme, Koudr\u00e8gma Zongo, par ailleurs coordonnateur du projet Neer Tamba, au cours de la rencontre, les observations et les recommandations des parties prenantes pour une meilleure ex\u00e9cution du programme SD3C-G5 Sahel+ S\u00e9n\u00e9gal vont \u00e9galement \u00eatre recens\u00e9es. Par ailleurs, les modalit\u00e9s d\u2019intervention des partenaires techniques et financiers vont \u00eatre pr\u00e9sent\u00e9es.Lanc\u00e9 le 16 juillet 2021, le programme conjoint Sahel en r\u00e9ponse aux d\u00e9fis COVID 19, conflits et changements climatiques est une initiative r\u00e9unissant les 5 pays du G5 Sahel \u00e0 savoir le Burkina Faso, le Mali, la Mauritanie, le Niger et le Tchad plus le S\u00e9n\u00e9gal.<\/p>\n<p>Son objectif global est de renforcer de mani\u00e8re durable, la r\u00e9silience des populations rurales plus vuln\u00e9rables des pays concern\u00e9s afin d\u2019att\u00e9nuer les impacts de la COVID 19, des conflits et du changement climatique. Pr\u00e9vu pour durer 6 ans, le programme est subdivis\u00e9 en 2 phases de 3 ans chacune. D\u2019un cout d\u2019environ 3 milliards FCFA, la premi\u00e8re phase couvre la p\u00e9riode de 2021-2023. Au Burkina Faso, le programme concerne 6 communes dans 3 r\u00e9gions.<\/p>\n<p>Il s\u2019agit de Dori et Seytenga au Sahel, Titao et Oula dans la r\u00e9gion du Nord, ainsi que To\u00e9ni et Djibasso dans la Boucle du Mouhoun. \u00ab\u00a0Dans ces communes, le programme va d\u00e9rouler un certain nombre d\u2019actions et d\u2019activit\u00e9s en termes d\u2019accompagnement \u00e0 la production et la productivit\u00e9 agricole \u00bb, a expliqu\u00e9 le coordonnateur. De mani\u00e8re concr\u00e8te, selon Koudr\u00e8gma Zongo, les b\u00e9n\u00e9ficiaires rest\u00e9s dans les communes cibl\u00e9es vont recevoir des cash transfert pour reconstituer leur cheptel, notamment les petits ruminants. Pour d\u2019autres il s\u2019agira de les appuyer pour l\u2019achat de semences am\u00e9lior\u00e9es ou d\u2019engrais afin de relancer la production.<\/p>\n<p>\u00ab\u00a0Quant aux personnes d\u00e9plac\u00e9es internes, qui ont d\u00fb abandonner leurs terres et se retrouvent sans moyens de repartir, nous allons les accompagner avec des kits pour leur<\/p>\n<figure id=\"attachment_41088\" aria-describedby=\"caption-attachment-41088\" style=\"width: 300px\" class=\"wp-caption alignleft\"><img decoding=\"async\" loading=\"lazy\" class=\"size-medium wp-image-41088\" src=\"https:\/\/linitiative.ca\/International\/wp-content\/uploads\/sites\/23\/2021\/10\/senegaj-300x164-1.gif\" alt=\"\" width=\"300\" height=\"164\" srcset=\"https:\/\/linitiative.ca\/International\/wp-content\/uploads\/sites\/23\/2021\/10\/senegaj-300x164-1.gif 300w, https:\/\/www.sidwaya.info\/wp-content\/uploads\/2021\/10\/senegaj-1024x558.gif 1024w, https:\/\/www.sidwaya.info\/wp-content\/uploads\/2021\/10\/senegaj-768x419.gif 768w, https:\/\/www.sidwaya.info\/wp-content\/uploads\/2021\/10\/senegaj-150x82.gif 150w, https:\/\/www.sidwaya.info\/wp-content\/uploads\/2021\/10\/senegaj-696x380.gif 696w, https:\/\/www.sidwaya.info\/wp-content\/uploads\/2021\/10\/senegaj-1068x580.gif 1068w, https:\/\/www.sidwaya.info\/wp-content\/uploads\/2021\/10\/senegaj-770x420.gif 770w\" sizes=\"auto, (max-width: 300px) 100vw, 300px\"><figcaption id=\"caption-attachment-41088\" class=\"wp-caption-text\">Les parties prenantes vont accorder leurs violons pour assurer une mise en \u0153uvre r\u00e9ussie du programme SD3C-G5 Sahel+ S\u00e9n\u00e9gal.<\/figcaption><\/figure>\n<p>permettre de se r\u00e9installer et recommencer \u00e0 produire\u00a0\u00bb, a indiqu\u00e9 M. Zongo.Le secr\u00e9taire permanent de la conf\u00e9d\u00e9ration paysanne du Faso, Issouf Porgo, s\u2019est r\u00e9joui du d\u00e9marrage des activit\u00e9s du programme SD3C-G5 Sahel+ S\u00e9n\u00e9gal, car la COVID 19, l\u2019ins\u00e9curit\u00e9 et les changements climatiques ont n\u00e9gativement impact\u00e9 les moyens d\u2019existence des populations \u00e0 la base.<\/p>\n<p>\u00ab Le programme leur offre la possibilit\u00e9 de se relever,amorcer le d\u00e9veloppement et \u00eatre r\u00e9silient face \u00e0 ces crises et \u00e0 d\u2019autres crises similaires qui pourraient survenir dans l\u2019avenir\u00a0\u00bb, a-t-il estim\u00e9. Le secr\u00e9taire g\u00e9n\u00e9ral du minist\u00e8re de l\u2019Agriculture des Am\u00e9nagements hydroagricoles et de la M\u00e9canisation, Yassia Kindo, partage l\u2019enthousiasme du repr\u00e9sentant des producteurs. Selon lui, gr\u00e2ce au programme, les populations les plus vuln\u00e9rables pourront repartir de z\u00e9ro pour mettre quelque chose sur le march\u00e9.<\/p>\n<p>En effet, le programme s\u2019articule autour de deux composantes techniques, l\u2019augmentation de la productivit\u00e9 et de la production et l\u2019int\u00e9gration \u00e9conomique des b\u00e9n\u00e9ficiaires et d\u2019une composante gestion et coordination. Le financement du programme est enti\u00e8rement assur\u00e9 par le Fonds international de d\u00e9veloppement agricole (FIDA), pour le moment. Dans l\u2019ex\u00e9cution, cette agence des Nations- unies va b\u00e9n\u00e9ficier du soutien du fonds de Nations- unies pour l\u2019alimentation (FAO) et du Programme des Nations unies pour l\u2019Alimentation (PAM).<\/p>\n<p style=\"text-align: right\"><strong>Nad\u00e8ge YE <\/strong><\/p>\n<p>L\u2019article <a rel=\"nofollow\" href=\"https:\/\/www.sidwaya.info\/blog\/2021\/10\/20\/sd3c-g5-sahel-senegal-les-objectifs-du-programme-presentes\/\">\u00ab\u00a0SD3C-G5 Sahel+ S\u00e9n\u00e9gal\u00a0\u00bb : Les objectifs du programme pr\u00e9sent\u00e9s<\/a> est apparu en premier sur <a rel=\"nofollow\" href=\"https:\/\/www.sidwaya.info\/\">Quotidien Sidwaya<\/a>.<\/p>\n<\/div>\n<p>Auteur: JK. Sidwaya<br \/>\n<a href=\"https:\/\/www.sidwaya.info\/blog\/2021\/10\/20\/sd3c-g5-sahel-senegal-les-objectifs-du-programme-presentes\/\">Cliquez ici pour lire l&rsquo;article depuis sa source.<\/a><\/p>\n","protected":false},"excerpt":{"rendered":"<p>L\u2019atelier technique de lancement du programme conjoint Sahel en r\u00e9ponse aux d\u00e9fis COVID19, conflits et changements climatiques se tient les 20 et 21 octobre 2021 \u00e0 Ouagadougou. L\u2019unit\u00e9 de gestion du programme conjoint Sahel en r\u00e9ponse aux d\u00e9fis COVID-19, conflits et changements climatiques (SD3C-G5 Sahel+ S\u00e9n\u00e9gal) souhaite mettre toutes les parties prenantes au m\u00eame niveau [&hellip;]<\/p>\n","protected":false},"author":1816,"featured_media":0,"comment_status":"closed","ping_status":"closed","sticky":false,"template":"","format":"standard","meta":{"fifu_image_url":"https:\/\/www.sidwaya.info\/wp-content\/uploads\/2021\/10\/senegaj-300x164.gif","fifu_image_alt":"\u00ab\u00a0SD3C-G5 Sahel+ S\u00e9n\u00e9gal\u00a0\u00bb : Les objectifs du programme pr\u00e9sent\u00e9s","footnotes":""},"categories":[73,81],"tags":[],"class_list":["post-130634","post","type-post","status-publish","format-standard","hentry","category-actualite","category-burkina-faso"],"_links":{"self":[{"href":"https:\/\/linitiative.ca\/International\/wp-json\/wp\/v2\/posts\/130634","targetHints":{"allow":["GET"]}}],"collection":[{"href":"https:\/\/linitiative.ca\/International\/wp-json\/wp\/v2\/posts"}],"about":[{"href":"https:\/\/linitiative.ca\/International\/wp-json\/wp\/v2\/types\/post"}],"author":[{"embeddable":true,"href":"https:\/\/linitiative.ca\/International\/wp-json\/wp\/v2\/users\/1816"}],"replies":[{"embeddable":true,"href":"https:\/\/linitiative.ca\/International\/wp-json\/wp\/v2\/comments?post=130634"}],"version-history":[{"count":0,"href":"https:\/\/linitiative.ca\/International\/wp-json\/wp\/v2\/posts\/130634\/revisions"}],"wp:attachment":[{"href":"https:\/\/linitiative.ca\/International\/wp-json\/wp\/v2\/media?parent=130634"}],"wp:term":[{"taxonomy":"category","embeddable":true,"href":"https:\/\/linitiative.ca\/International\/wp-json\/wp\/v2\/categories?post=130634"},{"taxonomy":"post_tag","embeddable":true,"href":"https:\/\/linitiative.ca\/International\/wp-json\/wp\/v2\/tags?post=130634"}],"curies":[{"name":"wp","href":"https:\/\/api.w.org\/{rel}","templated":true}]}}